{"id":148188,"date":"2022-05-20T11:00:21","date_gmt":"2022-05-20T15:00:21","guid":{"rendered":"https:\/\/linitiative.ca\/International\/decarbonation-le-ministere-de-la-transition-energetique-et-lafd-sallient\/"},"modified":"2022-05-20T11:00:21","modified_gmt":"2022-05-20T15:00:21","slug":"decarbonation-le-ministere-de-la-transition-energetique-et-lafd-sallient","status":"publish","type":"post","link":"https:\/\/linitiative.ca\/International\/decarbonation-le-ministere-de-la-transition-energetique-et-lafd-sallient\/","title":{"rendered":"D\u00e9carbonation : Le minist\u00e8re de la Transition \u00e9nerg\u00e9tique et l\u2019AFD s\u2019allient"},"content":{"rendered":"<div><img decoding=\"async\" width=\"800\" height=\"533\" src=\"https:\/\/linitiative.ca\/International\/wp-content\/uploads\/sites\/23\/2022\/05\/BENALI-e1650106871285.jpg\" class=\"attachment-post-thumbnail size-post-thumbnail wp-post-image\" alt=\"\" loading=\"lazy\" itemprop=\"image\">Un protocole d\u2019accord visant \u00e0 renforcer la coop\u00e9ration entre le Maroc et la France dans le domaine du climat et du d\u00e9veloppement durable a \u00e9t\u00e9 sign\u00e9, vendredi \u00e0 Rabat, entre le minist\u00e8re de la Transition \u00e9nerg\u00e9tique et du D\u00e9veloppement durable et l\u2019Agence fran\u00e7aise de D\u00e9veloppement (AFD). Au titre de ce<\/div>\n<p>Auteur: Mehdi Ouazzani<br \/>\n<a href=\"https:\/\/www.challenge.ma\/decarbonation-le-ministere-la-transition-energetique-et-lafd-sallient-239042\/\">Cliquez ici pour lire l&rsquo;article depuis sa source.<\/a><\/p>\n","protected":false},"excerpt":{"rendered":"<p>Un protocole d\u2019accord visant \u00e0 renforcer la coop\u00e9ration entre le Maroc et la France dans le domaine du climat et du d\u00e9veloppement durable a \u00e9t\u00e9 sign\u00e9, vendredi \u00e0 Rabat, entre le minist\u00e8re de la Transition \u00e9nerg\u00e9tique et du D\u00e9veloppement durable et l\u2019Agence fran\u00e7aise de D\u00e9veloppement (AFD). Au titre de ce Auteur: Mehdi Ouazzani Cliquez ici [&hellip;]<\/p>\n","protected":false},"author":1787,"featured_media":0,"comment_status":"closed","ping_status":"closed","sticky":false,"template":"","format":"standard","meta":{"fifu_image_url":"https:\/\/www.challenge.ma\/wp-content\/uploads\/2021\/10\/BENALI-e1650106871285.jpg","fifu_image_alt":"D\u00e9carbonation : Le minist\u00e8re de la Transition \u00e9nerg\u00e9tique et l\u2019AFD s\u2019allient","footnotes":""},"categories":[78,54],"tags":[],"class_list":["post-148188","post","type-post","status-publish","format-standard","hentry","category-economie","category-maroc"],"_links":{"self":[{"href":"https:\/\/linitiative.ca\/International\/wp-json\/wp\/v2\/posts\/148188","targetHints":{"allow":["GET"]}}],"collection":[{"href":"https:\/\/linitiative.ca\/International\/wp-json\/wp\/v2\/posts"}],"about":[{"href":"https:\/\/linitiative.ca\/International\/wp-json\/wp\/v2\/types\/post"}],"author":[{"embeddable":true,"href":"https:\/\/linitiative.ca\/International\/wp-json\/wp\/v2\/users\/1787"}],"replies":[{"embeddable":true,"href":"https:\/\/linitiative.ca\/International\/wp-json\/wp\/v2\/comments?post=148188"}],"version-history":[{"count":0,"href":"https:\/\/linitiative.ca\/International\/wp-json\/wp\/v2\/posts\/148188\/revisions"}],"wp:attachment":[{"href":"https:\/\/linitiative.ca\/International\/wp-json\/wp\/v2\/media?parent=148188"}],"wp:term":[{"taxonomy":"category","embeddable":true,"href":"https:\/\/linitiative.ca\/International\/wp-json\/wp\/v2\/categories?post=148188"},{"taxonomy":"post_tag","embeddable":true,"href":"https:\/\/linitiative.ca\/International\/wp-json\/wp\/v2\/tags?post=148188"}],"curies":[{"name":"wp","href":"https:\/\/api.w.org\/{rel}","templated":true}]}}