{"id":148190,"date":"2022-05-20T11:11:26","date_gmt":"2022-05-20T15:11:26","guid":{"rendered":"https:\/\/linitiative.ca\/International\/lindice-des-prix-a-la-consommation-poursuit-sa-hausse-en-avril\/"},"modified":"2022-05-20T11:11:26","modified_gmt":"2022-05-20T15:11:26","slug":"lindice-des-prix-a-la-consommation-poursuit-sa-hausse-en-avril","status":"publish","type":"post","link":"https:\/\/linitiative.ca\/International\/lindice-des-prix-a-la-consommation-poursuit-sa-hausse-en-avril\/","title":{"rendered":"L\u2019indice des prix \u00e0 la consommation poursuit sa hausse en Avril"},"content":{"rendered":"<div><img decoding=\"async\" width=\"770\" height=\"365\" src=\"https:\/\/linitiative.ca\/International\/wp-content\/uploads\/sites\/23\/2022\/05\/Carburant.jpg\" class=\"attachment-post-thumbnail size-post-thumbnail wp-post-image\" alt=\"\" loading=\"lazy\" srcset=\"https:\/\/linitiative.ca\/International\/wp-content\/uploads\/sites\/23\/2022\/05\/Carburant.jpg 770w, https:\/\/www.challenge.ma\/wp-content\/uploads\/2017\/08\/Carburant-300x142.jpg 300w, https:\/\/www.challenge.ma\/wp-content\/uploads\/2017\/08\/Carburant-360x171.jpg 360w, https:\/\/www.challenge.ma\/wp-content\/uploads\/2017\/08\/Carburant-750x356.jpg 750w\" sizes=\"auto, (max-width: 770px) 100vw, 770px\" itemprop=\"image\">L\u2019indice des prix \u00e0 la consommation (IPC) a connu, au cours du mois d\u2019avril dernier, une hausse de 1,8% par rapport au mois pr\u00e9c\u00e9dent, indique le Haut-commissariat au plan (HCP). Cette variation est le r\u00e9sultat de la hausse de 3,0% de l\u2019indice des produits alimentaires et de 0,9% de l\u2019indice<\/div>\n<p>Auteur: Mehdi Ouazzani<br \/>\n<a href=\"https:\/\/www.challenge.ma\/lindice-des-prix-a-la-consommation-poursuit-sa-hausse-en-avril-239048\/\">Cliquez ici pour lire l&rsquo;article depuis sa source.<\/a><\/p>\n","protected":false},"excerpt":{"rendered":"<p>L\u2019indice des prix \u00e0 la consommation (IPC) a connu, au cours du mois d\u2019avril dernier, une hausse de 1,8% par rapport au mois pr\u00e9c\u00e9dent, indique le Haut-commissariat au plan (HCP). Cette variation est le r\u00e9sultat de la hausse de 3,0% de l\u2019indice des produits alimentaires et de 0,9% de l\u2019indice Auteur: Mehdi Ouazzani Cliquez ici [&hellip;]<\/p>\n","protected":false},"author":1787,"featured_media":0,"comment_status":"closed","ping_status":"closed","sticky":false,"template":"","format":"standard","meta":{"fifu_image_url":"https:\/\/www.challenge.ma\/wp-content\/uploads\/2017\/08\/Carburant.jpg","fifu_image_alt":"L\u2019indice des prix \u00e0 la consommation poursuit sa hausse en Avril","footnotes":""},"categories":[78,54],"tags":[],"class_list":["post-148190","post","type-post","status-publish","format-standard","hentry","category-economie","category-maroc"],"_links":{"self":[{"href":"https:\/\/linitiative.ca\/International\/wp-json\/wp\/v2\/posts\/148190","targetHints":{"allow":["GET"]}}],"collection":[{"href":"https:\/\/linitiative.ca\/International\/wp-json\/wp\/v2\/posts"}],"about":[{"href":"https:\/\/linitiative.ca\/International\/wp-json\/wp\/v2\/types\/post"}],"author":[{"embeddable":true,"href":"https:\/\/linitiative.ca\/International\/wp-json\/wp\/v2\/users\/1787"}],"replies":[{"embeddable":true,"href":"https:\/\/linitiative.ca\/International\/wp-json\/wp\/v2\/comments?post=148190"}],"version-history":[{"count":0,"href":"https:\/\/linitiative.ca\/International\/wp-json\/wp\/v2\/posts\/148190\/revisions"}],"wp:attachment":[{"href":"https:\/\/linitiative.ca\/International\/wp-json\/wp\/v2\/media?parent=148190"}],"wp:term":[{"taxonomy":"category","embeddable":true,"href":"https:\/\/linitiative.ca\/International\/wp-json\/wp\/v2\/categories?post=148190"},{"taxonomy":"post_tag","embeddable":true,"href":"https:\/\/linitiative.ca\/International\/wp-json\/wp\/v2\/tags?post=148190"}],"curies":[{"name":"wp","href":"https:\/\/api.w.org\/{rel}","templated":true}]}}