{"id":148192,"date":"2022-05-20T11:32:38","date_gmt":"2022-05-20T15:32:38","guid":{"rendered":"https:\/\/linitiative.ca\/International\/la-politique-zero-covid-dynamique-un-choix-correspondant-aux-realites-chinoises\/"},"modified":"2022-05-20T11:32:38","modified_gmt":"2022-05-20T15:32:38","slug":"la-politique-zero-covid-dynamique-un-choix-correspondant-aux-realites-chinoises","status":"publish","type":"post","link":"https:\/\/linitiative.ca\/International\/la-politique-zero-covid-dynamique-un-choix-correspondant-aux-realites-chinoises\/","title":{"rendered":"La politique \u00abz\u00e9ro Covid dynamique\u00bb : un choix correspondant aux r\u00e9alit\u00e9s chinoises"},"content":{"rendered":"<div><img decoding=\"async\" width=\"1200\" height=\"768\" src=\"https:\/\/linitiative.ca\/International\/wp-content\/uploads\/sites\/23\/2022\/05\/Li-Changlin-ok.jpg\" class=\"attachment-post-thumbnail size-post-thumbnail wp-post-image\" alt=\"\" loading=\"lazy\" srcset=\"https:\/\/linitiative.ca\/International\/wp-content\/uploads\/sites\/23\/2022\/05\/Li-Changlin-ok.jpg 1200w, https:\/\/www.challenge.ma\/wp-content\/uploads\/2022\/03\/Li-Changlin-ok-300x192.jpg 300w, https:\/\/www.challenge.ma\/wp-content\/uploads\/2022\/03\/Li-Changlin-ok-1024x655.jpg 1024w, https:\/\/www.challenge.ma\/wp-content\/uploads\/2022\/03\/Li-Changlin-ok-768x492.jpg 768w, https:\/\/www.challenge.ma\/wp-content\/uploads\/2022\/03\/Li-Changlin-ok-360x230.jpg 360w, https:\/\/www.challenge.ma\/wp-content\/uploads\/2022\/03\/Li-Changlin-ok-750x480.jpg 750w\" sizes=\"auto, (max-width: 1200px) 100vw, 1200px\" itemprop=\"image\">Depuis l\u2019apparition de l\u2019\u00e9pid\u00e9mie de COVID-19, le gouvernement chinois s\u2019est engag\u00e9 \u00e0 accorder la priorit\u00e9 au peuple et \u00e0 la vie humaine, \u00e0 adopter une approche visant \u00e0 pr\u00e9venir les cas import\u00e9s de l\u2019\u00e9tranger et la r\u00e9surgence dans le pays, et \u00e0 appliquer une politique \u00ab z\u00e9ro COVID dynamique \u00bb.<\/div>\n<p>Auteur: Mehdi Ouazzani<br \/>\n<a href=\"https:\/\/www.challenge.ma\/la-politique-zero-covid-dynamique-un-choix-correspondant-aux-realites-chinoises-239052\/\">Cliquez ici pour lire l&rsquo;article depuis sa source.<\/a><\/p>\n","protected":false},"excerpt":{"rendered":"<p>Depuis l\u2019apparition de l\u2019\u00e9pid\u00e9mie de COVID-19, le gouvernement chinois s\u2019est engag\u00e9 \u00e0 accorder la priorit\u00e9 au peuple et \u00e0 la vie humaine, \u00e0 adopter une approche visant \u00e0 pr\u00e9venir les cas import\u00e9s de l\u2019\u00e9tranger et la r\u00e9surgence dans le pays, et \u00e0 appliquer une politique \u00ab z\u00e9ro COVID dynamique \u00bb. Auteur: Mehdi Ouazzani Cliquez ici [&hellip;]<\/p>\n","protected":false},"author":1787,"featured_media":0,"comment_status":"closed","ping_status":"closed","sticky":false,"template":"","format":"standard","meta":{"fifu_image_url":"https:\/\/www.challenge.ma\/wp-content\/uploads\/2022\/03\/Li-Changlin-ok.jpg","fifu_image_alt":"La politique \u00abz\u00e9ro Covid dynamique\u00bb : un choix correspondant aux r\u00e9alit\u00e9s chinoises","footnotes":""},"categories":[78,54],"tags":[],"class_list":["post-148192","post","type-post","status-publish","format-standard","hentry","category-economie","category-maroc"],"_links":{"self":[{"href":"https:\/\/linitiative.ca\/International\/wp-json\/wp\/v2\/posts\/148192","targetHints":{"allow":["GET"]}}],"collection":[{"href":"https:\/\/linitiative.ca\/International\/wp-json\/wp\/v2\/posts"}],"about":[{"href":"https:\/\/linitiative.ca\/International\/wp-json\/wp\/v2\/types\/post"}],"author":[{"embeddable":true,"href":"https:\/\/linitiative.ca\/International\/wp-json\/wp\/v2\/users\/1787"}],"replies":[{"embeddable":true,"href":"https:\/\/linitiative.ca\/International\/wp-json\/wp\/v2\/comments?post=148192"}],"version-history":[{"count":0,"href":"https:\/\/linitiative.ca\/International\/wp-json\/wp\/v2\/posts\/148192\/revisions"}],"wp:attachment":[{"href":"https:\/\/linitiative.ca\/International\/wp-json\/wp\/v2\/media?parent=148192"}],"wp:term":[{"taxonomy":"category","embeddable":true,"href":"https:\/\/linitiative.ca\/International\/wp-json\/wp\/v2\/categories?post=148192"},{"taxonomy":"post_tag","embeddable":true,"href":"https:\/\/linitiative.ca\/International\/wp-json\/wp\/v2\/tags?post=148192"}],"curies":[{"name":"wp","href":"https:\/\/api.w.org\/{rel}","templated":true}]}}