{"id":148196,"date":"2022-05-20T17:17:08","date_gmt":"2022-05-20T21:17:08","guid":{"rendered":"https:\/\/linitiative.ca\/International\/quel-sort-pour-la-tunisie-apres-le-refus-de-lugtt-dadherer-au-dialogue-de-kais-saied\/"},"modified":"2022-05-20T17:17:08","modified_gmt":"2022-05-20T21:17:08","slug":"quel-sort-pour-la-tunisie-apres-le-refus-de-lugtt-dadherer-au-dialogue-de-kais-saied","status":"publish","type":"post","link":"https:\/\/linitiative.ca\/International\/quel-sort-pour-la-tunisie-apres-le-refus-de-lugtt-dadherer-au-dialogue-de-kais-saied\/","title":{"rendered":"Quel sort pour la Tunisie apr\u00e8s le refus de l\u2019UGTT d\u2019adh\u00e9rer au dialogue de Ka\u00efs Sa\u00efed\u00a0?"},"content":{"rendered":"<div>\n<p>Toujours lanc\u00e9 sur son \u00e9lan, et d\u00e9pit\u00e9 de l\u2019opposition d\u2019une grande partie de la classe politique et de la soci\u00e9t\u00e9 civile \u00e0 son projet politique et social pour le pays, le pr\u00e9sident Ka\u00efs Sa\u00efed a fait publier, ce jour sur le journal officiel, sa vision du dialogue national, tel qu\u2019il compte conduire. Et, sans grande [\u2026]<\/p>\n<p>L\u2019article <a href=\"https:\/\/www.tunisienumerique.com\/quel-sort-pour-la-tunisie-apres-le-refus-de-lugtt-dadherer-au-dialogue-de-kais-saied\/\">Quel sort pour la Tunisie apr\u00e8s le refus de l\u2019UGTT d\u2019adh\u00e9rer au dialogue de Ka\u00efs Sa\u00efed\u00a0?<\/a> est apparu en premier sur <a href=\"https:\/\/www.tunisienumerique.com\/\">Tunisie<\/a>.<\/p>\n<\/div>\n<p>Auteur: Saber .<br \/>\n<a href=\"https:\/\/www.tunisienumerique.com\/quel-sort-pour-la-tunisie-apres-le-refus-de-lugtt-dadherer-au-dialogue-de-kais-saied\/\">Cliquez ici pour lire l&rsquo;article depuis sa source.<\/a><\/p>\n","protected":false},"excerpt":{"rendered":"<p>Toujours lanc\u00e9 sur son \u00e9lan, et d\u00e9pit\u00e9 de l\u2019opposition d\u2019une grande partie de la classe politique et de la soci\u00e9t\u00e9 civile \u00e0 son projet politique et social pour le pays, le pr\u00e9sident Ka\u00efs Sa\u00efed a fait publier, ce jour sur le journal officiel, sa vision du dialogue national, tel qu\u2019il compte conduire. Et, sans grande [&hellip;]<\/p>\n","protected":false},"author":1789,"featured_media":0,"comment_status":"closed","ping_status":"closed","sticky":false,"template":"","format":"standard","meta":{"fifu_image_url":"","fifu_image_alt":"","footnotes":""},"categories":[73,55],"tags":[],"class_list":["post-148196","post","type-post","status-publish","format-standard","hentry","category-actualite","category-tunisie"],"_links":{"self":[{"href":"https:\/\/linitiative.ca\/International\/wp-json\/wp\/v2\/posts\/148196","targetHints":{"allow":["GET"]}}],"collection":[{"href":"https:\/\/linitiative.ca\/International\/wp-json\/wp\/v2\/posts"}],"about":[{"href":"https:\/\/linitiative.ca\/International\/wp-json\/wp\/v2\/types\/post"}],"author":[{"embeddable":true,"href":"https:\/\/linitiative.ca\/International\/wp-json\/wp\/v2\/users\/1789"}],"replies":[{"embeddable":true,"href":"https:\/\/linitiative.ca\/International\/wp-json\/wp\/v2\/comments?post=148196"}],"version-history":[{"count":0,"href":"https:\/\/linitiative.ca\/International\/wp-json\/wp\/v2\/posts\/148196\/revisions"}],"wp:attachment":[{"href":"https:\/\/linitiative.ca\/International\/wp-json\/wp\/v2\/media?parent=148196"}],"wp:term":[{"taxonomy":"category","embeddable":true,"href":"https:\/\/linitiative.ca\/International\/wp-json\/wp\/v2\/categories?post=148196"},{"taxonomy":"post_tag","embeddable":true,"href":"https:\/\/linitiative.ca\/International\/wp-json\/wp\/v2\/tags?post=148196"}],"curies":[{"name":"wp","href":"https:\/\/api.w.org\/{rel}","templated":true}]}}