{"id":148197,"date":"2022-05-20T09:35:55","date_gmt":"2022-05-20T13:35:55","guid":{"rendered":"https:\/\/linitiative.ca\/International\/hauts-bassins-le-president-du-faso-invite-les-forces-vives-a-soutenir-la-transition\/"},"modified":"2022-05-20T09:35:55","modified_gmt":"2022-05-20T13:35:55","slug":"hauts-bassins-le-president-du-faso-invite-les-forces-vives-a-soutenir-la-transition","status":"publish","type":"post","link":"https:\/\/linitiative.ca\/International\/hauts-bassins-le-president-du-faso-invite-les-forces-vives-a-soutenir-la-transition\/","title":{"rendered":"Hauts-Bassins : le pr\u00e9sident du Faso invite les forces vives \u00e0 soutenir la Transition"},"content":{"rendered":"<div>\n<p>Le pr\u00e9sident du Faso, le lieutenant-colonel Paul-Henri Sandaogo Damiba, \u00e9change, ce vendredi 20 mai 2022, \u00e0 Bobo-Dioulasso, avec les forces vives de la r\u00e9gion des Hauts-Bassins. Pour sa premi\u00e8re visite officielle \u00e0 l\u2019int\u00e9rieur du pays, le pr\u00e9sident du Faso a choisi de visiter la r\u00e9gion des Hauts-Bassins, du 19 au 20 mai 2022. Apr\u00e8s des \u00e9changes <em>\u00a0\u00bbsans langue de bois\u00a0\u00bb<\/em> avec la troupe, \u00e0 son arriv\u00e9e \u00e0 Bobo-Dioulasso, le chef de l\u2019\u00c9tat \u00e9change, ce 20 mai 2022, avec les forces vives de la r\u00e9gion. Dans son mot d\u2019ouverture, il a invit\u00e9 les forces vives, individuellement et collectivement, \u00e0 cultiver la paix, \u00e0 soutenir les autorit\u00e9s de la Transition et les Forces de d\u00e9fense et de s\u00e9curit\u00e9 (FDS) dans la lutte contre l\u2019ins\u00e9curit\u00e9.<\/p>\n<p><strong>La R\u00e9daction de Bobo<\/strong><\/p>\n<\/div>\n<p>Auteur: BS. Sidwaya<br \/>\n<a href=\"https:\/\/www.sidwaya.info\/blog\/2022\/05\/20\/hauts-bassins-le-president-du-faso-invite-les-forces-vives-a-soutenir-la-transition\/\">Cliquez ici pour lire l&rsquo;article depuis sa source.<\/a><\/p>\n","protected":false},"excerpt":{"rendered":"<p>Le pr\u00e9sident du Faso, le lieutenant-colonel Paul-Henri Sandaogo Damiba, \u00e9change, ce vendredi 20 mai 2022, \u00e0 Bobo-Dioulasso, avec les forces vives de la r\u00e9gion des Hauts-Bassins. Pour sa premi\u00e8re visite officielle \u00e0 l\u2019int\u00e9rieur du pays, le pr\u00e9sident du Faso a choisi de visiter la r\u00e9gion des Hauts-Bassins, du 19 au 20 mai 2022. Apr\u00e8s des [&hellip;]<\/p>\n","protected":false},"author":1816,"featured_media":0,"comment_status":"closed","ping_status":"closed","sticky":false,"template":"","format":"standard","meta":{"fifu_image_url":"","fifu_image_alt":"","footnotes":""},"categories":[73,81],"tags":[],"class_list":["post-148197","post","type-post","status-publish","format-standard","hentry","category-actualite","category-burkina-faso"],"_links":{"self":[{"href":"https:\/\/linitiative.ca\/International\/wp-json\/wp\/v2\/posts\/148197","targetHints":{"allow":["GET"]}}],"collection":[{"href":"https:\/\/linitiative.ca\/International\/wp-json\/wp\/v2\/posts"}],"about":[{"href":"https:\/\/linitiative.ca\/International\/wp-json\/wp\/v2\/types\/post"}],"author":[{"embeddable":true,"href":"https:\/\/linitiative.ca\/International\/wp-json\/wp\/v2\/users\/1816"}],"replies":[{"embeddable":true,"href":"https:\/\/linitiative.ca\/International\/wp-json\/wp\/v2\/comments?post=148197"}],"version-history":[{"count":0,"href":"https:\/\/linitiative.ca\/International\/wp-json\/wp\/v2\/posts\/148197\/revisions"}],"wp:attachment":[{"href":"https:\/\/linitiative.ca\/International\/wp-json\/wp\/v2\/media?parent=148197"}],"wp:term":[{"taxonomy":"category","embeddable":true,"href":"https:\/\/linitiative.ca\/International\/wp-json\/wp\/v2\/categories?post=148197"},{"taxonomy":"post_tag","embeddable":true,"href":"https:\/\/linitiative.ca\/International\/wp-json\/wp\/v2\/tags?post=148197"}],"curies":[{"name":"wp","href":"https:\/\/api.w.org\/{rel}","templated":true}]}}