{"id":148198,"date":"2022-05-20T10:18:33","date_gmt":"2022-05-20T14:18:33","guid":{"rendered":"https:\/\/linitiative.ca\/International\/festival-de-cannes-les-tirailleurs-senegalais-honores\/"},"modified":"2022-05-20T10:18:33","modified_gmt":"2022-05-20T14:18:33","slug":"festival-de-cannes-les-tirailleurs-senegalais-honores","status":"publish","type":"post","link":"https:\/\/linitiative.ca\/International\/festival-de-cannes-les-tirailleurs-senegalais-honores\/","title":{"rendered":"Festival de Cannes: les tirailleurs s\u00e9n\u00e9galais honor\u00e9s"},"content":{"rendered":"<div>\n<p><strong>\u00a0<\/strong>Les tirailleurs s\u00e9n\u00e9galais sont \u00e0 l\u2019affiche du 75<sup>e<\/sup> festival de Cannes \u00e0 travers le film \u00a0\u00ab\u00a0Tirailleurs\u00a0\u00bb, qui raconte, selon Africanews, le drame d\u2019un jeune s\u00e9n\u00e9galais captur\u00e9 dans son village en 1917, pour servir aux c\u00f4t\u00e9s des Fran\u00e7ais, durant la Grande guerre. Pr\u00e9sent\u00e9 dans la section \u00ab\u00a0Un certain regard\u00a0\u00bb, ce long m\u00e9trage \u00a0franco-s\u00e9n\u00e9galais, r\u00e9alis\u00e9 par Mathieu Vadepied, est port\u00e9 par des acteurs talentueux notamment la star franco-s\u00e9n\u00e9galaise Omar Sy. Selon le d\u00e9l\u00e9gu\u00e9 g\u00e9n\u00e9ral du festival de Cannes, Thierry Fr\u00e9maux, le film a conquis de nombreux spectateurs lors de sa diffusion. Certaines sources affirment que, sur les 200.000 tirailleurs enr\u00f4l\u00e9s, 30.000 sont morts sur les champs de bataille de la Grande Guerre pour lib\u00e9rer la France et l\u2019Europe.<\/p>\n<p><strong>AK<\/strong><\/p>\n<\/div>\n<p>Auteur: BS. Sidwaya<br \/>\n<a href=\"https:\/\/www.sidwaya.info\/blog\/2022\/05\/20\/festival-de-cannes-les-tirailleurs-senegalais-honores\/\">Cliquez ici pour lire l&rsquo;article depuis sa source.<\/a><\/p>\n","protected":false},"excerpt":{"rendered":"<p>\u00a0Les tirailleurs s\u00e9n\u00e9galais sont \u00e0 l\u2019affiche du 75e festival de Cannes \u00e0 travers le film \u00a0\u00ab\u00a0Tirailleurs\u00a0\u00bb, qui raconte, selon Africanews, le drame d\u2019un jeune s\u00e9n\u00e9galais captur\u00e9 dans son village en 1917, pour servir aux c\u00f4t\u00e9s des Fran\u00e7ais, durant la Grande guerre. Pr\u00e9sent\u00e9 dans la section \u00ab\u00a0Un certain regard\u00a0\u00bb, ce long m\u00e9trage \u00a0franco-s\u00e9n\u00e9galais, r\u00e9alis\u00e9 par Mathieu [&hellip;]<\/p>\n","protected":false},"author":1816,"featured_media":0,"comment_status":"closed","ping_status":"closed","sticky":false,"template":"","format":"standard","meta":{"fifu_image_url":"","fifu_image_alt":"","footnotes":""},"categories":[73,81],"tags":[],"class_list":["post-148198","post","type-post","status-publish","format-standard","hentry","category-actualite","category-burkina-faso"],"_links":{"self":[{"href":"https:\/\/linitiative.ca\/International\/wp-json\/wp\/v2\/posts\/148198","targetHints":{"allow":["GET"]}}],"collection":[{"href":"https:\/\/linitiative.ca\/International\/wp-json\/wp\/v2\/posts"}],"about":[{"href":"https:\/\/linitiative.ca\/International\/wp-json\/wp\/v2\/types\/post"}],"author":[{"embeddable":true,"href":"https:\/\/linitiative.ca\/International\/wp-json\/wp\/v2\/users\/1816"}],"replies":[{"embeddable":true,"href":"https:\/\/linitiative.ca\/International\/wp-json\/wp\/v2\/comments?post=148198"}],"version-history":[{"count":0,"href":"https:\/\/linitiative.ca\/International\/wp-json\/wp\/v2\/posts\/148198\/revisions"}],"wp:attachment":[{"href":"https:\/\/linitiative.ca\/International\/wp-json\/wp\/v2\/media?parent=148198"}],"wp:term":[{"taxonomy":"category","embeddable":true,"href":"https:\/\/linitiative.ca\/International\/wp-json\/wp\/v2\/categories?post=148198"},{"taxonomy":"post_tag","embeddable":true,"href":"https:\/\/linitiative.ca\/International\/wp-json\/wp\/v2\/tags?post=148198"}],"curies":[{"name":"wp","href":"https:\/\/api.w.org\/{rel}","templated":true}]}}