{"id":148200,"date":"2022-05-20T11:40:57","date_gmt":"2022-05-20T15:40:57","guid":{"rendered":"https:\/\/linitiative.ca\/International\/polemique-autour-de-gana-gueye-apres-macky-sall-la-federation-senegalaise-de-football-protege-aussi-le-joueur\/"},"modified":"2022-05-20T11:40:57","modified_gmt":"2022-05-20T15:40:57","slug":"polemique-autour-de-gana-gueye-apres-macky-sall-la-federation-senegalaise-de-football-protege-aussi-le-joueur","status":"publish","type":"post","link":"https:\/\/linitiative.ca\/International\/polemique-autour-de-gana-gueye-apres-macky-sall-la-federation-senegalaise-de-football-protege-aussi-le-joueur\/","title":{"rendered":"Pol\u00e9mique autour de Gana Gueye : Apr\u00e8s Macky Sall, la F\u00e9d\u00e9ration s\u00e9n\u00e9galaise de football prot\u00e8ge aussi le joueur"},"content":{"rendered":"<div>\n<p>L\u2019acharnement en France contre el S\u00e9n\u00e9galais Idrissa Gana Gueye, apr\u00e8s son refus de porter un maillot contre l\u2019homophobie, ne passe pas en Afrique surtout au S\u00e9n\u00e9gal, pays natal du joueur du Paris Saint Germain(PSG).<\/p>\n<p>Apr\u00e8s le soutien du pr\u00e9sident du S\u00e9n\u00e9gal, Macky Sall, et de plusieurs joueurs s\u00e9n\u00e9galais, Gana Gueye b\u00e9n\u00e9ficie \u00e9galement de la solidarit\u00e9 de la F\u00e9d\u00e9ration S\u00e9n\u00e9galaise de Football qui reproche \u00e0 sa cons\u0153ur fran\u00e7aise, la FFF, le mauvais traitement<em> \u00ab\u00a0de certains joueurs essentiellement d\u2019origine africaine\u00a0\u00bb<\/em>.<\/p>\n<p>Selon le magazine onzemondial, ce tacle contre la F\u00e9d\u00e9ration fran\u00e7aise de football s\u2019explique par le fait que l\u2019instance dirigeante\u00a0 du football fran\u00e7ais demande \u00e0 Gana Gueye de\u00a0 clarifier sa position. En France, le joueur a b\u00e9n\u00e9fici\u00e9 de l\u2019appui des supporteurs du PSG, \u00e0 savoir le Collectif Ultras Paris.<\/p>\n<p style=\"text-align: right\"><strong>AK<\/strong><\/p>\n<\/div>\n<p>Auteur: Wamini SIDWAYA<br \/>\n<a href=\"https:\/\/www.sidwaya.info\/blog\/2022\/05\/20\/polemique-autour-de-gana-gueye-apres-macky-sall-la-federation-senegalaise-de-football-protege-aussi-le-joueur\/\">Cliquez ici pour lire l&rsquo;article depuis sa source.<\/a><\/p>\n","protected":false},"excerpt":{"rendered":"<p>L\u2019acharnement en France contre el S\u00e9n\u00e9galais Idrissa Gana Gueye, apr\u00e8s son refus de porter un maillot contre l\u2019homophobie, ne passe pas en Afrique surtout au S\u00e9n\u00e9gal, pays natal du joueur du Paris Saint Germain(PSG). Apr\u00e8s le soutien du pr\u00e9sident du S\u00e9n\u00e9gal, Macky Sall, et de plusieurs joueurs s\u00e9n\u00e9galais, Gana Gueye b\u00e9n\u00e9ficie \u00e9galement de la solidarit\u00e9 [&hellip;]<\/p>\n","protected":false},"author":1816,"featured_media":0,"comment_status":"closed","ping_status":"closed","sticky":false,"template":"","format":"standard","meta":{"fifu_image_url":"","fifu_image_alt":"","footnotes":""},"categories":[73,81],"tags":[],"class_list":["post-148200","post","type-post","status-publish","format-standard","hentry","category-actualite","category-burkina-faso"],"_links":{"self":[{"href":"https:\/\/linitiative.ca\/International\/wp-json\/wp\/v2\/posts\/148200","targetHints":{"allow":["GET"]}}],"collection":[{"href":"https:\/\/linitiative.ca\/International\/wp-json\/wp\/v2\/posts"}],"about":[{"href":"https:\/\/linitiative.ca\/International\/wp-json\/wp\/v2\/types\/post"}],"author":[{"embeddable":true,"href":"https:\/\/linitiative.ca\/International\/wp-json\/wp\/v2\/users\/1816"}],"replies":[{"embeddable":true,"href":"https:\/\/linitiative.ca\/International\/wp-json\/wp\/v2\/comments?post=148200"}],"version-history":[{"count":0,"href":"https:\/\/linitiative.ca\/International\/wp-json\/wp\/v2\/posts\/148200\/revisions"}],"wp:attachment":[{"href":"https:\/\/linitiative.ca\/International\/wp-json\/wp\/v2\/media?parent=148200"}],"wp:term":[{"taxonomy":"category","embeddable":true,"href":"https:\/\/linitiative.ca\/International\/wp-json\/wp\/v2\/categories?post=148200"},{"taxonomy":"post_tag","embeddable":true,"href":"https:\/\/linitiative.ca\/International\/wp-json\/wp\/v2\/tags?post=148200"}],"curies":[{"name":"wp","href":"https:\/\/api.w.org\/{rel}","templated":true}]}}