{"id":148201,"date":"2022-05-20T15:42:57","date_gmt":"2022-05-20T19:42:57","guid":{"rendered":"https:\/\/linitiative.ca\/International\/lutte-contre-le-terrorisme-le-president-du-faso-a-lecoute-des-forces-vives-des-hauts-bassins\/"},"modified":"2022-05-20T15:42:57","modified_gmt":"2022-05-20T19:42:57","slug":"lutte-contre-le-terrorisme-le-president-du-faso-a-lecoute-des-forces-vives-des-hauts-bassins","status":"publish","type":"post","link":"https:\/\/linitiative.ca\/International\/lutte-contre-le-terrorisme-le-president-du-faso-a-lecoute-des-forces-vives-des-hauts-bassins\/","title":{"rendered":"Lutte contre le terrorisme\u00a0: Le pr\u00e9sident du Faso \u00e0 l\u2019\u00e9coute des forces vives des Hauts-Bassins"},"content":{"rendered":"<div>\n<p><strong>Le pr\u00e9sident du Faso, le lieutenant-colonel Paul Henri Sandaogo Damiba a \u00e9chang\u00e9 avec les forces vives de la r\u00e9gion des Hauts-Bassins le 20 mai 2022 \u00e0 Bobo Dioulasso. Les pr\u00e9occupations des populations ont port\u00e9 essentiellement sur les questions s\u00e9curitaires notamment la lutte contre le terrorisme au Burkina Faso.<\/strong><\/p>\n<p>Le pr\u00e9sident du Faso, le lieutenant-colonel Paul Henri Sandaogo Damiba, en s\u00e9jour de 48 heures \u00e0 Bobo Dioulasso, a recueilli les pr\u00e9occupations des forces vives des Hauts-Bassins en vue de mieux orienter son action.<\/p>\n<p>La question s\u00e9curitaire, principal point de pr\u00e9occupation \u00e0 cette rencontre, a \u00e9t\u00e9 relev\u00e9e par le gouverneur des Hauts-Bassins, le colonel Moussa Diallo, en plus de la d\u00e9gradation du climat social et le manque d\u2019emploi des jeunes et des femmes.<\/p>\n<p>Sur la question du terrorisme, les intervenants ont fait des propositions pour combattre le fl\u00e9au. L\u2019origine des financements des terroristes au Burkina Faso et celle des armes ont suscit\u00e9 fait l\u2019objet de questionnement. Aussi certains ont-ils demand\u00e9 la diversification des partenaires pour arriver \u00e0 bout du ph\u00e9nom\u00e8ne.<\/p>\n<p>D\u2019autres soucis comme la mise en place des d\u00e9l\u00e9gations sp\u00e9ciales, la flamb\u00e9e des prix des denr\u00e9es alimentaires et des intrants agricoles, l\u2019\u00e9tat des routes dans la r\u00e9gion (surtout la RN8 qui relie Bobo et Orodara) ainsi que la question fonci\u00e8re sont revenus au cours des \u00e9changes.<\/p>\n<p>S\u2019agissant du financement du terrorisme, le pr\u00e9sident du Faso a rassur\u00e9 que des dispositions sont en train d\u2019\u00eatre prises \u00ab\u00a0en toute intelligence\u00a0\u00bb pour tarir les financements qui sont d\u2019origine externe, mais \u00e9galement interne. Quant \u00e0 la recherche d\u2019autres partenaires dans la lutte contre ce ph\u00e9nom\u00e8ne, pr\u00e9conis\u00e9 par une Organisation de la soci\u00e9t\u00e9 civile (OSC), le chef de l\u2019Etat s\u2019est voulu rassurant\u00a0: \u00ab\u00a0Un pays n\u2019est jamais coll\u00e9 \u00e0 un autre pays \u00e0 vie. Il y a des moments o\u00f9 on se rencontre, on s\u2019oppose et on se rencontre \u00e0 nouveau. Ce qui int\u00e9resse le Burkina, c\u2019est l\u00e0-bas qu\u2019on ira. Nous ne pouvons pas perdurer dans les dynamiques qui n\u2019arrangent pas le pays\u00a0\u00bb, a martel\u00e9 le pr\u00e9sident.<\/p>\n<p>Il s\u2019est aussi offusqu\u00e9 des publications sur les r\u00e9seaux sociaux qui s\u2019int\u00e9ressent beaucoup plus, selon lui, aux pertes et aux insuffisances sur le terrain qu\u2019aux victoires engrang\u00e9es par les Forces de d\u00e9fense et de s\u00e9curit\u00e9 (FDS).<\/p>\n<figure id=\"attachment_49752\" aria-describedby=\"caption-attachment-49752\" style=\"width: 750px\" class=\"wp-caption alignnone\"><img loading=\"lazy\" decoding=\"async\" data-attachment-id=\"49752\" data-permalink=\"https:\/\/www.sidwaya.info\/blog\/2022\/05\/20\/lutte-contre-le-terrorisme-le-president-du-faso-a-lecoute-des-forces-vives-des-hauts-bassins\/whatsapp-image-2022-05-20-at-20-03-06\/\" data-orig-file=\"https:\/\/linitiative.ca\/International\/wp-content\/uploads\/sites\/23\/2022\/05\/WhatsApp-Image-2022-05-20-at-20.03.06-e1653075732309.jpeg\" data-orig-size=\"750,500\" data-comments-opened=\"1\" data-image-meta='{\"aperture\":\"0\",\"credit\":\"\",\"camera\":\"\",\"caption\":\"\",\"created_timestamp\":\"0\",\"copyright\":\"\",\"focal_length\":\"0\",\"iso\":\"0\",\"shutter_speed\":\"0\",\"title\":\"\",\"orientation\":\"0\"}' data-image-title=\"\" data-image-description=\"\" data-image-caption=\"&lt;p&gt;Les forces vives de la r\u00e9gion des Hauts-Bassins ont soumis plusieurs pr\u00e9occupations au pr\u00e9sident du Faso dont certaines relatives aux questions s\u00e9curitaires. &lt;\/p&gt;\n\" data-medium-file=\"https:\/\/www.sidwaya.info\/wp-content\/uploads\/2022\/05\/WhatsApp-Image-2022-05-20-at-20.03.06-300x200.jpeg\" data-large-file=\"https:\/\/linitiative.ca\/International\/wp-content\/uploads\/sites\/23\/2022\/05\/WhatsApp-Image-2022-05-20-at-20.03.06-e1653075732309.jpeg\" class=\"size-full wp-image-49752\" src=\"https:\/\/linitiative.ca\/International\/wp-content\/uploads\/sites\/23\/2022\/05\/WhatsApp-Image-2022-05-20-at-20.03.06-e1653075732309.jpeg\" alt=\"\" width=\"750\" height=\"500\"><figcaption id=\"caption-attachment-49752\" class=\"wp-caption-text\">Les forces vives de la r\u00e9gion des Hauts-Bassins ont soumis plusieurs pr\u00e9occupations au pr\u00e9sident du Faso dont certaines relatives aux questions s\u00e9curitaires.<\/figcaption><\/figure>\n<p>\u00ab\u00a0Cela n\u2019est pas bien pour le moral des FDS. Il faut trouver d\u2019autres formes pour encourager ceux-l\u00e0 qui donnent leur vie pour la patrie\u00a0\u00bb, a-t-il estim\u00e9. A en croire Paul Henri Sandaogo Damiba, les FDS ont engrang\u00e9 des acquis qu\u2019il faut saluer.\u00a0\u00ab\u00a0Des villages se remettent en place. Des groupes arm\u00e9s ont pris du recul\u00a0\u00bb, a-t-il avanc\u00e9.<\/p>\n<blockquote>\n<p><strong>\u00ab\u00a0Ce n\u2019est pas l\u2019argent qui nous pr\u00e9occupe\u00a0\u00bb<\/strong><\/p>\n<\/blockquote>\n<p>Le chef de l\u2019Etat a reconnu que les choses bougent \u00ab\u00a0un peu lentement\u00a0\u00bb et a demand\u00e9 \u00e0 la population d\u2019accompagner les FDS.<\/p>\n<p>\u00ab\u00a0La transition, critiqu\u00e9e, va arriver \u00e0 son terme. J\u2019attends l\u2019accompagnement de la population pour un meilleur devenir du Faso\u00a0\u00bb, a-t-il lanc\u00e9.<\/p>\n<p>R\u00e9agissant \u00e0 son traitement salarial et \u00e0 celui de ses ministres, le pr\u00e9sident Damiba a affirm\u00e9\u00a0: \u00ab\u00a0Je n\u2019ai pas encore vu et re\u00e7u mon salaire. Ce n\u2019est pas l\u2019argent qui nous pr\u00e9occupe. Nous avons pris le salaire le plus \u00e9lev\u00e9 de la Fonction publique et l\u2019avons multipli\u00e9 par un coefficient. Je re\u00e7ois toujours mes bulletins militaires et mes salaires li\u00e9s \u00e0 nos grades sont connus. Celui du pr\u00e9sident aussi. Le pr\u00e9sident est de la Fonction publique et per\u00e7oit le salaire le plus \u00e9lev\u00e9. Nous avons essay\u00e9 de stabiliser\u00a0\u00bb, a justifi\u00e9 le premier magistrat du pays.<\/p>\n<p>Quant \u00e0 l\u2019augmentation du prix des denr\u00e9es alimentaires, le pr\u00e9sident a d\u00e9plor\u00e9 le fait que le \u00ab\u00a0Burkinab\u00e8 privil\u00e9gie beaucoup plus son int\u00e9r\u00eat personnel que l\u2019int\u00e9r\u00eat collectif\u00a0\u00bb. Il a rassur\u00e9 que des mesures seront prises pour importer \u00e0 faible co\u00fbt et d\u00e9busquer ceux qui stockent les denr\u00e9es pour les revendre plus chers.<\/p>\n<p>Le ministre d\u2019Etat aupr\u00e8s du pr\u00e9sident du Faso, charg\u00e9 de la coh\u00e9sion sociale et de la r\u00e9conciliation nationale, Y\u00e9ro Boly, a, quant \u00e0 lui, rassur\u00e9 que les mesures sont en cours pour une mise en \u0153uvre diligente des d\u00e9l\u00e9gations sp\u00e9ciales et r\u00e9soudre les questions fonci\u00e8res.<\/p>\n<p style=\"text-align: right\"><strong>Adaman DRABO<\/strong><\/p>\n<\/div>\n<p>Auteur: Wamini SIDWAYA<br \/>\n<a href=\"https:\/\/www.sidwaya.info\/blog\/2022\/05\/20\/lutte-contre-le-terrorisme-le-president-du-faso-a-lecoute-des-forces-vives-des-hauts-bassins\/\">Cliquez ici pour lire l&rsquo;article depuis sa source.<\/a><\/p>\n","protected":false},"excerpt":{"rendered":"<p>Le pr\u00e9sident du Faso, le lieutenant-colonel Paul Henri Sandaogo Damiba a \u00e9chang\u00e9 avec les forces vives de la r\u00e9gion des Hauts-Bassins le 20 mai 2022 \u00e0 Bobo Dioulasso. Les pr\u00e9occupations des populations ont port\u00e9 essentiellement sur les questions s\u00e9curitaires notamment la lutte contre le terrorisme au Burkina Faso. Le pr\u00e9sident du Faso, le lieutenant-colonel Paul [&hellip;]<\/p>\n","protected":false},"author":1816,"featured_media":0,"comment_status":"closed","ping_status":"closed","sticky":false,"template":"","format":"standard","meta":{"fifu_image_url":"https:\/\/www.sidwaya.info\/wp-content\/uploads\/2022\/05\/WhatsApp-Image-2022-05-20-at-20.03.06-e1653075732309.jpeg","fifu_image_alt":"Lutte contre le terrorisme\u00a0: Le pr\u00e9sident du Faso \u00e0 l\u2019\u00e9coute des forces vives des Hauts-Bassins","footnotes":""},"categories":[73,81],"tags":[],"class_list":["post-148201","post","type-post","status-publish","format-standard","hentry","category-actualite","category-burkina-faso"],"_links":{"self":[{"href":"https:\/\/linitiative.ca\/International\/wp-json\/wp\/v2\/posts\/148201","targetHints":{"allow":["GET"]}}],"collection":[{"href":"https:\/\/linitiative.ca\/International\/wp-json\/wp\/v2\/posts"}],"about":[{"href":"https:\/\/linitiative.ca\/International\/wp-json\/wp\/v2\/types\/post"}],"author":[{"embeddable":true,"href":"https:\/\/linitiative.ca\/International\/wp-json\/wp\/v2\/users\/1816"}],"replies":[{"embeddable":true,"href":"https:\/\/linitiative.ca\/International\/wp-json\/wp\/v2\/comments?post=148201"}],"version-history":[{"count":0,"href":"https:\/\/linitiative.ca\/International\/wp-json\/wp\/v2\/posts\/148201\/revisions"}],"wp:attachment":[{"href":"https:\/\/linitiative.ca\/International\/wp-json\/wp\/v2\/media?parent=148201"}],"wp:term":[{"taxonomy":"category","embeddable":true,"href":"https:\/\/linitiative.ca\/International\/wp-json\/wp\/v2\/categories?post=148201"},{"taxonomy":"post_tag","embeddable":true,"href":"https:\/\/linitiative.ca\/International\/wp-json\/wp\/v2\/tags?post=148201"}],"curies":[{"name":"wp","href":"https:\/\/api.w.org\/{rel}","templated":true}]}}