{"id":148205,"date":"2022-05-20T14:18:04","date_gmt":"2022-05-20T18:18:04","guid":{"rendered":"https:\/\/linitiative.ca\/International\/un-marocain-a-la-tete-du-reseau-des-associations-africaines-delus-locaux\/"},"modified":"2022-05-20T14:18:04","modified_gmt":"2022-05-20T18:18:04","slug":"un-marocain-a-la-tete-du-reseau-des-associations-africaines-delus-locaux","status":"publish","type":"post","link":"https:\/\/linitiative.ca\/International\/un-marocain-a-la-tete-du-reseau-des-associations-africaines-delus-locaux\/","title":{"rendered":"Un Marocain \u00e0 la t\u00eate du R\u00e9seau des associations africaines d\u2019\u00e9lus locaux"},"content":{"rendered":"<div>\n<p><img decoding=\"async\" width=\"702\" height=\"336\" src=\"https:\/\/linitiative.ca\/International\/wp-content\/uploads\/sites\/23\/2022\/05\/16530706847889.jpg\" class=\"attachment-post-thumbnail size-post-thumbnail wp-post-image\" alt=\"\" loading=\"lazy\" srcset=\"https:\/\/linitiative.ca\/International\/wp-content\/uploads\/sites\/23\/2022\/05\/16530706847889.jpg 702w, https:\/\/www.journalducameroun.com\/wp-content\/uploads\/2022\/05\/16530706847889-300x144.jpg 300w, https:\/\/www.journalducameroun.com\/wp-content\/uploads\/2022\/05\/16530706847889-600x287.jpg 600w\" sizes=\"auto, (max-width: 702px) 100vw, 702px\"><\/p>\n<p>Adelfattah Skir, directeur de l&rsquo;Association marocaine des pr\u00e9sidents des pr\u00e9fectures et provinces a \u00e9t\u00e9 \u00e9lu, jeudi 19 mai, pr\u00e9sident du R\u00e9seau des managers des associations africaines des gouvernements locaux et r\u00e9gionaux.Un autre succ\u00e8s de la d\u00e9l\u00e9gation marocaine qui prend part \u00e0 la 9e \u00e9dition du Sommet Africit\u00e9s qui se tient du 17 au 21 mai 2022 \u00e0 Kisumu, une ville interm\u00e9diaire de l&rsquo;Ouest du Kenya. Le directeur de l&rsquo;Association marocaine des pr\u00e9sidents des pr\u00e9fectures et provinces, Adelfattah Skir, a \u00e9t\u00e9 port\u00e9 \u00e0 la t\u00eate du R\u00e9seau des managers des associations africaines des gouvernements locaux et r\u00e9gionaux qui compte 52 associations membres.<\/p>\n<p>\u00ab Ce r\u00e9seau nous permettra s\u00fbrement de mieux coordonner nos actions et renforcer encore d&rsquo;avantage notre coop\u00e9ration et partenariat au niveau africain \u00bb, a r\u00e9agi Adelfattah Skir, apr\u00e8s son \u00e9lection.<\/p>\n<p>Organis\u00e9 par Cit\u00e9s et gouvernement locaux unis d&rsquo;Afrique (CGLU Afrique), une structure qui regroupe 16.000 collectivit\u00e9s territoriales et 50 associations nationales d&rsquo;\u00e9lus locaux, le Sommet Africit\u00e9s se tient cette ann\u00e9e \u00e0 Kisumu, troisi\u00e8me ville k\u00e9nyane apr\u00e8s la capitale Nairobi et Mombasa.<\/p>\n<p>L&rsquo;\u00e9v\u00e9nement, qui se tient tous les trois ans sur une dur\u00e9e de cinq jours, alternativement dans les diff\u00e9rentes r\u00e9gions d&rsquo;Afrique, est selon ses organisateurs, le plus grand rassemblement d\u00e9mocratique organis\u00e9 sur le continent africain. L&rsquo;\u00e9dition de cette ann\u00e9e a pour th\u00e8me : \u00ab Le r\u00f4le des villes interm\u00e9diaires d&rsquo;Afrique dans la mise en \u0153uvre de l&rsquo;Agenda 2030 des Nations unies et de l&rsquo;Agenda 2063 de l&rsquo;Union africaine\u00a0\u00bb.<\/p>\n<p>Cet article <a rel=\"nofollow\" href=\"https:\/\/www.journalducameroun.com\/un-marocain-a-la-tete-du-reseau-des-associations-africaines-delus-locaux\/\">Un Marocain \u00e0 la t\u00eate du R\u00e9seau des associations africaines d\u2019\u00e9lus locaux<\/a> est apparu en premier sur <a rel=\"nofollow\" href=\"https:\/\/www.journalducameroun.com\/\">Journal du Cameroun<\/a>.<\/p>\n<\/div>\n<p>Auteur: APA News<br \/>\n<a href=\"https:\/\/www.journalducameroun.com\/un-marocain-a-la-tete-du-reseau-des-associations-africaines-delus-locaux\/\">Cliquez ici pour lire l&rsquo;article depuis sa source.<\/a><\/p>\n","protected":false},"excerpt":{"rendered":"<p>Adelfattah Skir, directeur de l&rsquo;Association marocaine des pr\u00e9sidents des pr\u00e9fectures et provinces a \u00e9t\u00e9 \u00e9lu, jeudi 19 mai, pr\u00e9sident du R\u00e9seau des managers des associations africaines des gouvernements locaux et r\u00e9gionaux.Un autre succ\u00e8s de la d\u00e9l\u00e9gation marocaine qui prend part \u00e0 la 9e \u00e9dition du Sommet Africit\u00e9s qui se tient du 17 au 21 mai [&hellip;]<\/p>\n","protected":false},"author":1965,"featured_media":0,"comment_status":"closed","ping_status":"closed","sticky":false,"template":"","format":"standard","meta":{"fifu_image_url":"https:\/\/www.journalducameroun.com\/wp-content\/uploads\/2022\/05\/16530706847889.jpg","fifu_image_alt":"Un Marocain \u00e0 la t\u00eate du R\u00e9seau des associations africaines d\u2019\u00e9lus locaux","footnotes":""},"categories":[73,82],"tags":[],"class_list":["post-148205","post","type-post","status-publish","format-standard","hentry","category-actualite","category-cameroun"],"_links":{"self":[{"href":"https:\/\/linitiative.ca\/International\/wp-json\/wp\/v2\/posts\/148205","targetHints":{"allow":["GET"]}}],"collection":[{"href":"https:\/\/linitiative.ca\/International\/wp-json\/wp\/v2\/posts"}],"about":[{"href":"https:\/\/linitiative.ca\/International\/wp-json\/wp\/v2\/types\/post"}],"author":[{"embeddable":true,"href":"https:\/\/linitiative.ca\/International\/wp-json\/wp\/v2\/users\/1965"}],"replies":[{"embeddable":true,"href":"https:\/\/linitiative.ca\/International\/wp-json\/wp\/v2\/comments?post=148205"}],"version-history":[{"count":0,"href":"https:\/\/linitiative.ca\/International\/wp-json\/wp\/v2\/posts\/148205\/revisions"}],"wp:attachment":[{"href":"https:\/\/linitiative.ca\/International\/wp-json\/wp\/v2\/media?parent=148205"}],"wp:term":[{"taxonomy":"category","embeddable":true,"href":"https:\/\/linitiative.ca\/International\/wp-json\/wp\/v2\/categories?post=148205"},{"taxonomy":"post_tag","embeddable":true,"href":"https:\/\/linitiative.ca\/International\/wp-json\/wp\/v2\/tags?post=148205"}],"curies":[{"name":"wp","href":"https:\/\/api.w.org\/{rel}","templated":true}]}}