{"id":148207,"date":"2022-05-20T15:18:03","date_gmt":"2022-05-20T19:18:03","guid":{"rendered":"https:\/\/linitiative.ca\/International\/g5-sahel-le-mali-invite-a-reconsiderer-sa-position\/"},"modified":"2022-05-20T15:18:03","modified_gmt":"2022-05-20T19:18:03","slug":"g5-sahel-le-mali-invite-a-reconsiderer-sa-position","status":"publish","type":"post","link":"https:\/\/linitiative.ca\/International\/g5-sahel-le-mali-invite-a-reconsiderer-sa-position\/","title":{"rendered":"G5 Sahel : le Mali invit\u00e9 \u00e0 reconsid\u00e9rer sa position"},"content":{"rendered":"<div>\n<p><img decoding=\"async\" width=\"1920\" height=\"1281\" src=\"https:\/\/linitiative.ca\/International\/wp-content\/uploads\/sites\/23\/2022\/05\/16530742831832.jpg\" class=\"attachment-post-thumbnail size-post-thumbnail wp-post-image\" alt=\"\" loading=\"lazy\" srcset=\"https:\/\/linitiative.ca\/International\/wp-content\/uploads\/sites\/23\/2022\/05\/16530742831832.jpg 1920w, https:\/\/www.journalducameroun.com\/wp-content\/uploads\/2022\/05\/16530742831832-300x200.jpg 300w, https:\/\/www.journalducameroun.com\/wp-content\/uploads\/2022\/05\/16530742831832-1024x683.jpg 1024w, https:\/\/www.journalducameroun.com\/wp-content\/uploads\/2022\/05\/16530742831832-768x512.jpg 768w, https:\/\/www.journalducameroun.com\/wp-content\/uploads\/2022\/05\/16530742831832-1536x1025.jpg 1536w, https:\/\/www.journalducameroun.com\/wp-content\/uploads\/2022\/05\/16530742831832-659x440.jpg 659w, https:\/\/www.journalducameroun.com\/wp-content\/uploads\/2022\/05\/16530742831832-600x400.jpg 600w\" sizes=\"auto, (max-width: 1920px) 100vw, 1920px\"><\/p>\n<p>Le retrait du Mali pr\u00e9occupe le G\u00e9n\u00e9ral Mahamat Idriss D\u00e9by Itno, pr\u00e9sident en exercice de l&rsquo;organisation r\u00e9gionale.Sa r\u00e9action \u00e9tait tr\u00e8s attendue. Le G\u00e9n\u00e9ral Mahamat Idriss D\u00e9by Itno, chef de l&rsquo;Etat du Tchad, quatre jours apr\u00e8s la d\u00e9cision du Mali de se retirer de tous les organes et instances du G5 Sahel, y compris la force conjointe, rompt le silence.<\/p>\n<p>C&rsquo;est avec une \u00ab vive pr\u00e9occupation \u00bb que le pr\u00e9sident en exercice du G5 Sahel dit avoir appris la nouvelle. Dans un communiqu\u00e9 dat\u00e9 du 19 mai, le fils du d\u00e9funt Idriss D\u00e9by Itno note \u00ab avec regret une d\u00e9cision prise sans consultation pr\u00e9alable \u00bb, mais tient compte des \u00ab raisons avanc\u00e9es \u00bb par le gouvernement malien.<\/p>\n<p>Dimanche dernier, le Mali a d\u00e9nonc\u00e9 des man\u0153uvres visant \u00e0 l&#8217;emp\u00eacher d&rsquo;assurer la pr\u00e9sidence du G5 Sahel \u00e0 partir de f\u00e9vrier 2022 comme le veut le principe de pr\u00e9sidence tournante de cette organisation form\u00e9e en 2014 avec le Burkina, le Tchad, la Mauritanie et le Niger.<\/p>\n<p>Malgr\u00e9 tout, le pr\u00e9sident tchadien invite Bamako \u00e0 \u00ab reconsid\u00e9rer sa position (car il y a) des efforts en cours pour apporter une solution \u00e0 ses pr\u00e9occupations \u00e0 travers la tenue imminente d&rsquo;une conf\u00e9rence des chefs d&rsquo;Etat et de gouvernement\u00a0\u00bb en Mauritanie o\u00f9 se trouve le si\u00e8ge du Secr\u00e9tariat permanent du G5 Sahel.<\/p>\n<p>A cet effet, le G\u00e9n\u00e9ral Mahamat Idriss Deby Itno promet de tout mettre en \u0153uvre pour \u00ab pr\u00e9server l&rsquo;unit\u00e9 et la coh\u00e9sion du G5 Sahel. Un instrument irrempla\u00e7able en mati\u00e8re de mutualisation d&rsquo;efforts, des moyens et d&rsquo;actions de ses Etats membres face aux d\u00e9fis du d\u00e9veloppement et de la s\u00e9curit\u00e9 \u00bb.<\/p>\n<p>Pour le pr\u00e9sident tchadien, il est hors de question de \u00ab laisser le G5 Sahel se disloquer \u00bb. Une position partag\u00e9e par Nouakchott favorable \u00e0 la recherche de solutions pour \u00ab surmonter les obstacles qui se dressent \u00bb devant l&rsquo;organisation r\u00e9gionale.<\/p>\n<p>Dans cette perspective, un d\u00e9placement \u00e0 Bamako du ministre des Affaires \u00e9trang\u00e8res, de la Coop\u00e9ration et des Mauritaniens de l&rsquo;Ext\u00e9rieur, Mohamed Salem Ould Merzoug, \u00e9tait annonc\u00e9 pour jeudi 19 mai.<\/p>\n<p>Le Niger ne semble pas \u00eatre sur la m\u00eame longueur d&rsquo;onde. Mohamed Bazoum a regrett\u00e9, dans un entretien avec La Croix, la mort du G5 Sahel, tout en accusant le Mali d&rsquo;\u00eatre dans une position \u00ab de fuite en avant qui l&rsquo;isole en Afrique et nous prive d&rsquo;une strat\u00e9gie concert\u00e9e et coordonn\u00e9e pour lutter contre le terrorisme \u00bb.<\/p>\n<p>Cet article <a rel=\"nofollow\" href=\"https:\/\/www.journalducameroun.com\/g5-sahel-le-mali-invite-a-reconsiderer-sa-position\/\">G5 Sahel : le Mali invit\u00e9 \u00e0 reconsid\u00e9rer sa position<\/a> est apparu en premier sur <a rel=\"nofollow\" href=\"https:\/\/www.journalducameroun.com\/\">Journal du Cameroun<\/a>.<\/p>\n<\/div>\n<p>Auteur: APA News<br \/>\n<a href=\"https:\/\/www.journalducameroun.com\/g5-sahel-le-mali-invite-a-reconsiderer-sa-position\/\">Cliquez ici pour lire l&rsquo;article depuis sa source.<\/a><\/p>\n","protected":false},"excerpt":{"rendered":"<p>Le retrait du Mali pr\u00e9occupe le G\u00e9n\u00e9ral Mahamat Idriss D\u00e9by Itno, pr\u00e9sident en exercice de l&rsquo;organisation r\u00e9gionale.Sa r\u00e9action \u00e9tait tr\u00e8s attendue. Le G\u00e9n\u00e9ral Mahamat Idriss D\u00e9by Itno, chef de l&rsquo;Etat du Tchad, quatre jours apr\u00e8s la d\u00e9cision du Mali de se retirer de tous les organes et instances du G5 Sahel, y compris la force [&hellip;]<\/p>\n","protected":false},"author":1965,"featured_media":0,"comment_status":"closed","ping_status":"closed","sticky":false,"template":"","format":"standard","meta":{"fifu_image_url":"https:\/\/www.journalducameroun.com\/wp-content\/uploads\/2022\/05\/16530742831832.jpg","fifu_image_alt":"G5 Sahel : le Mali invit\u00e9 \u00e0 reconsid\u00e9rer sa position","footnotes":""},"categories":[73,82],"tags":[],"class_list":["post-148207","post","type-post","status-publish","format-standard","hentry","category-actualite","category-cameroun"],"_links":{"self":[{"href":"https:\/\/linitiative.ca\/International\/wp-json\/wp\/v2\/posts\/148207","targetHints":{"allow":["GET"]}}],"collection":[{"href":"https:\/\/linitiative.ca\/International\/wp-json\/wp\/v2\/posts"}],"about":[{"href":"https:\/\/linitiative.ca\/International\/wp-json\/wp\/v2\/types\/post"}],"author":[{"embeddable":true,"href":"https:\/\/linitiative.ca\/International\/wp-json\/wp\/v2\/users\/1965"}],"replies":[{"embeddable":true,"href":"https:\/\/linitiative.ca\/International\/wp-json\/wp\/v2\/comments?post=148207"}],"version-history":[{"count":0,"href":"https:\/\/linitiative.ca\/International\/wp-json\/wp\/v2\/posts\/148207\/revisions"}],"wp:attachment":[{"href":"https:\/\/linitiative.ca\/International\/wp-json\/wp\/v2\/media?parent=148207"}],"wp:term":[{"taxonomy":"category","embeddable":true,"href":"https:\/\/linitiative.ca\/International\/wp-json\/wp\/v2\/categories?post=148207"},{"taxonomy":"post_tag","embeddable":true,"href":"https:\/\/linitiative.ca\/International\/wp-json\/wp\/v2\/tags?post=148207"}],"curies":[{"name":"wp","href":"https:\/\/api.w.org\/{rel}","templated":true}]}}