{"id":148209,"date":"2022-05-20T16:18:03","date_gmt":"2022-05-20T20:18:03","guid":{"rendered":"https:\/\/linitiative.ca\/International\/afrique-du-sud-la-banque-centrale-fixe-le-taux-de-rachat-a-47\/"},"modified":"2022-05-20T16:18:03","modified_gmt":"2022-05-20T20:18:03","slug":"afrique-du-sud-la-banque-centrale-fixe-le-taux-de-rachat-a-47","status":"publish","type":"post","link":"https:\/\/linitiative.ca\/International\/afrique-du-sud-la-banque-centrale-fixe-le-taux-de-rachat-a-47\/","title":{"rendered":"Afrique du Sud : la Banque centrale fixe le taux de rachat \u00e0 4,7 %"},"content":{"rendered":"<div>\n<p><img decoding=\"async\" width=\"696\" height=\"387\" src=\"https:\/\/linitiative.ca\/International\/wp-content\/uploads\/sites\/23\/2022\/05\/16530778844795.jpg\" class=\"attachment-post-thumbnail size-post-thumbnail wp-post-image\" alt=\"\" loading=\"lazy\" srcset=\"https:\/\/linitiative.ca\/International\/wp-content\/uploads\/sites\/23\/2022\/05\/16530778844795.jpg 696w, https:\/\/www.journalducameroun.com\/wp-content\/uploads\/2022\/05\/16530778844795-300x167.jpg 300w, https:\/\/www.journalducameroun.com\/wp-content\/uploads\/2022\/05\/16530778844795-160x90.jpg 160w, https:\/\/www.journalducameroun.com\/wp-content\/uploads\/2022\/05\/16530778844795-600x334.jpg 600w\" sizes=\"auto, (max-width: 696px) 100vw, 696px\"><\/p>\n<p>La Banque centrale d&rsquo;Afrique du Sud a augment\u00e9 son taux de prise en pension de 50 points de base \u00e0 partir de vendredi, a annonc\u00e9 le Gouverneur de l&rsquo;institution financi\u00e8re, Lesetja Kganyago.C&rsquo;est la troisi\u00e8me augmentation cons\u00e9cutive apr\u00e8s les hausses de 25 points de base en janvier 2020 et novembre 2021. Ces hausses sont intervenues pr\u00e8s de trois ans apr\u00e8s une s\u00e9rie de baisses du taux repo dans le contexte de la pand\u00e9mie de Covid-19, a expliqu\u00e9 Lesetja Kganyago, le Gouverneur de la Banque centrale d&rsquo;Afrique du Sud.<\/p>\n<p>Pour cette ann\u00e9e, la pr\u00e9vision de l&rsquo;inflation globale de la Banque centrale a l\u00e9g\u00e8rement \u00e9t\u00e9 revue \u00e0 la hausse passant de 5,8 \u00e0 5,9 %. \u00c0 en croire M. Kganyago, cela est principalement d\u00fb \u00e0 l&rsquo;augmentation des prix des aliments et des carburants.<\/p>\n<p>\u00ab Les prix des denr\u00e9es alimentaires resteront \u00e9lev\u00e9s, mais l&rsquo;inflation des prix des carburants devrait diminuer en 2023. De ce fait, l&rsquo;inflation globale devrait retomber \u00e0 5 % malgr\u00e9 une inflation de base sensiblement plus \u00e9lev\u00e9e \u00bb, a-t-il poursuivi.<\/p>\n<p>La Banque centrale table sur un taux de croissance de 1,7 % en 2022 pour l&rsquo;\u00e9conomie sud-africaine alors qu&rsquo;en mars dernier, elle esp\u00e9rait 2 %. Les inondations dans la province du KwaZulu Natal et les contraintes continues d&rsquo;approvisionnement en \u00e9lectricit\u00e9 sont avanc\u00e9es comme explications.<\/p>\n<p>Cet article <a rel=\"nofollow\" href=\"https:\/\/www.journalducameroun.com\/afrique-du-sud-la-banque-centrale-fixe-le-taux-de-rachat-a-47\/\">Afrique du Sud : la Banque centrale fixe le taux de rachat \u00e0 4,7 %<\/a> est apparu en premier sur <a rel=\"nofollow\" href=\"https:\/\/www.journalducameroun.com\/\">Journal du Cameroun<\/a>.<\/p>\n<\/div>\n<p>Auteur: APA News<br \/>\n<a href=\"https:\/\/www.journalducameroun.com\/afrique-du-sud-la-banque-centrale-fixe-le-taux-de-rachat-a-47\/\">Cliquez ici pour lire l&rsquo;article depuis sa source.<\/a><\/p>\n","protected":false},"excerpt":{"rendered":"<p>La Banque centrale d&rsquo;Afrique du Sud a augment\u00e9 son taux de prise en pension de 50 points de base \u00e0 partir de vendredi, a annonc\u00e9 le Gouverneur de l&rsquo;institution financi\u00e8re, Lesetja Kganyago.C&rsquo;est la troisi\u00e8me augmentation cons\u00e9cutive apr\u00e8s les hausses de 25 points de base en janvier 2020 et novembre 2021. Ces hausses sont intervenues pr\u00e8s [&hellip;]<\/p>\n","protected":false},"author":1965,"featured_media":0,"comment_status":"closed","ping_status":"closed","sticky":false,"template":"","format":"standard","meta":{"fifu_image_url":"https:\/\/www.journalducameroun.com\/wp-content\/uploads\/2022\/05\/16530778844795.jpg","fifu_image_alt":"Afrique du Sud : la Banque centrale fixe le taux de rachat \u00e0 4,7 %","footnotes":""},"categories":[73,82],"tags":[],"class_list":["post-148209","post","type-post","status-publish","format-standard","hentry","category-actualite","category-cameroun"],"_links":{"self":[{"href":"https:\/\/linitiative.ca\/International\/wp-json\/wp\/v2\/posts\/148209","targetHints":{"allow":["GET"]}}],"collection":[{"href":"https:\/\/linitiative.ca\/International\/wp-json\/wp\/v2\/posts"}],"about":[{"href":"https:\/\/linitiative.ca\/International\/wp-json\/wp\/v2\/types\/post"}],"author":[{"embeddable":true,"href":"https:\/\/linitiative.ca\/International\/wp-json\/wp\/v2\/users\/1965"}],"replies":[{"embeddable":true,"href":"https:\/\/linitiative.ca\/International\/wp-json\/wp\/v2\/comments?post=148209"}],"version-history":[{"count":0,"href":"https:\/\/linitiative.ca\/International\/wp-json\/wp\/v2\/posts\/148209\/revisions"}],"wp:attachment":[{"href":"https:\/\/linitiative.ca\/International\/wp-json\/wp\/v2\/media?parent=148209"}],"wp:term":[{"taxonomy":"category","embeddable":true,"href":"https:\/\/linitiative.ca\/International\/wp-json\/wp\/v2\/categories?post=148209"},{"taxonomy":"post_tag","embeddable":true,"href":"https:\/\/linitiative.ca\/International\/wp-json\/wp\/v2\/tags?post=148209"}],"curies":[{"name":"wp","href":"https:\/\/api.w.org\/{rel}","templated":true}]}}