{"id":148211,"date":"2022-05-20T16:18:04","date_gmt":"2022-05-20T20:18:04","guid":{"rendered":"https:\/\/linitiative.ca\/International\/foot-ivoirien-jean-louis-gasset-nouveau-coach-des-elephants\/"},"modified":"2022-05-20T16:18:04","modified_gmt":"2022-05-20T20:18:04","slug":"foot-ivoirien-jean-louis-gasset-nouveau-coach-des-elephants","status":"publish","type":"post","link":"https:\/\/linitiative.ca\/International\/foot-ivoirien-jean-louis-gasset-nouveau-coach-des-elephants\/","title":{"rendered":"Foot ivoirien : Jean-Louis Gasset, nouveau coach des \u00c9l\u00e9phants"},"content":{"rendered":"<div>\n<p><img decoding=\"async\" width=\"2000\" height=\"1333\" src=\"https:\/\/linitiative.ca\/International\/wp-content\/uploads\/sites\/23\/2022\/05\/16530778848735.jpg\" class=\"attachment-post-thumbnail size-post-thumbnail wp-post-image\" alt=\"\" loading=\"lazy\" srcset=\"https:\/\/linitiative.ca\/International\/wp-content\/uploads\/sites\/23\/2022\/05\/16530778848735.jpg 2000w, https:\/\/www.journalducameroun.com\/wp-content\/uploads\/2022\/05\/16530778848735-300x200.jpg 300w, https:\/\/www.journalducameroun.com\/wp-content\/uploads\/2022\/05\/16530778848735-1024x682.jpg 1024w, https:\/\/www.journalducameroun.com\/wp-content\/uploads\/2022\/05\/16530778848735-768x512.jpg 768w, https:\/\/www.journalducameroun.com\/wp-content\/uploads\/2022\/05\/16530778848735-1536x1024.jpg 1536w, https:\/\/www.journalducameroun.com\/wp-content\/uploads\/2022\/05\/16530778848735-660x440.jpg 660w, https:\/\/www.journalducameroun.com\/wp-content\/uploads\/2022\/05\/16530778848735-600x400.jpg 600w\" sizes=\"auto, (max-width: 2000px) 100vw, 2000px\"><\/p>\n<p>Le technicien fran\u00e7ais de 68 ans, libre depuis son d\u00e9part l&rsquo;\u00e9t\u00e9 dernier de Bordeaux (Ligue 1 fran\u00e7aise), a sign\u00e9 un contrat d&rsquo;un an (plus un en option).C&rsquo;est d\u00e9sormais officiel. Jean-Louis Gasset remplace son compatriote Patrice Beaumelle dont le contrat n&rsquo;a pas \u00e9t\u00e9 renouvel\u00e9 apr\u00e8s l&rsquo;\u00e9limination de la C\u00f4te d&rsquo;Ivoire en huiti\u00e8mes de finale de la Coupe d&rsquo;Afrique des nations 2021 par l&rsquo;Egypte (0 &#8211; 0, TAB 4 &#8211; 5).<\/p>\n<p>L&rsquo;objectif assign\u00e9 \u00e0 l&rsquo;ancien collaborateur de Laurent Blanc est de \u00ab gagner la Can \u00bb que la C\u00f4te d&rsquo;Ivoire doit accueillir du 23 juin au 23 juillet 2023, selon Idriss Diallo, le pr\u00e9sident de la F\u00e9d\u00e9ration Ivoirienne de Football (FIF).<\/p>\n<p>Face \u00e0 la presse ce vendredi, le nouveau patron du foot ivoirien a pr\u00e9cis\u00e9 qu&rsquo;une prolongation de contrat est inenvisageable si Jean-Louis Gasset \u00e9choue dans sa mission. Le Fran\u00e7ais sera second\u00e9 par Emerse Fa\u00e9. L&rsquo;ex-international ivoirien, de la g\u00e9n\u00e9ration de Didier Drogba, dirigera \u00e9galement l&rsquo;\u00e9quipe nationale des moins de 23 ans.<\/p>\n<p>\u00ab Nous avons une totale confiance en ces deux personnes pour amener notre \u00e9quipe au plus haut niveau. (Jean-Louis Gasset) a une belle connaissance du foot mondial \u00bb, a affirm\u00e9 le pr\u00e9sident de la FIF. Ce dernier a, en outre, annonc\u00e9 l&rsquo;arriv\u00e9e de Jean-Louis Gasset d\u00e8s la semaine prochaine \u00e0 Abidjan.<\/p>\n<p>Sur la p\u00e9riode du 4 au 10 mai 2022, l&rsquo;instance fa\u00eeti\u00e8re a lanc\u00e9 un appel \u00e0 candidatures. Pour le poste de s\u00e9lectionneur des El\u00e9phants, elle dit avoir re\u00e7u 22 actes de candidature dont celui de Philippe Troussier et Fran\u00e7ois Zahoui. Dix-sept dossiers ont \u00e9t\u00e9 recens\u00e9s pour le poste d&rsquo;adjoint attribu\u00e9 \u00e0 Emerse Fa\u00e9 qui \u00e9tait en concurrence avec Amani Yao Lambert, Fran\u00e7ois Guei Monguei, S\u00e9kou Fofana, Jo\u00ebl Ti\u00e9hi et Soualiho Haidara.<\/p>\n<p>Cet article <a rel=\"nofollow\" href=\"https:\/\/www.journalducameroun.com\/foot-ivoirien-jean-louis-gasset-nouveau-coach-des-elephants\/\">Foot ivoirien : Jean-Louis Gasset, nouveau coach des \u00c9l\u00e9phants<\/a> est apparu en premier sur <a rel=\"nofollow\" href=\"https:\/\/www.journalducameroun.com\/\">Journal du Cameroun<\/a>.<\/p>\n<\/div>\n<p>Auteur: APA News<br \/>\n<a href=\"https:\/\/www.journalducameroun.com\/foot-ivoirien-jean-louis-gasset-nouveau-coach-des-elephants\/\">Cliquez ici pour lire l&rsquo;article depuis sa source.<\/a><\/p>\n","protected":false},"excerpt":{"rendered":"<p>Le technicien fran\u00e7ais de 68 ans, libre depuis son d\u00e9part l&rsquo;\u00e9t\u00e9 dernier de Bordeaux (Ligue 1 fran\u00e7aise), a sign\u00e9 un contrat d&rsquo;un an (plus un en option).C&rsquo;est d\u00e9sormais officiel. Jean-Louis Gasset remplace son compatriote Patrice Beaumelle dont le contrat n&rsquo;a pas \u00e9t\u00e9 renouvel\u00e9 apr\u00e8s l&rsquo;\u00e9limination de la C\u00f4te d&rsquo;Ivoire en huiti\u00e8mes de finale de la [&hellip;]<\/p>\n","protected":false},"author":1965,"featured_media":0,"comment_status":"closed","ping_status":"closed","sticky":false,"template":"","format":"standard","meta":{"fifu_image_url":"https:\/\/www.journalducameroun.com\/wp-content\/uploads\/2022\/05\/16530778848735.jpg","fifu_image_alt":"Foot ivoirien : Jean-Louis Gasset, nouveau coach des \u00c9l\u00e9phants","footnotes":""},"categories":[73,82],"tags":[],"class_list":["post-148211","post","type-post","status-publish","format-standard","hentry","category-actualite","category-cameroun"],"_links":{"self":[{"href":"https:\/\/linitiative.ca\/International\/wp-json\/wp\/v2\/posts\/148211","targetHints":{"allow":["GET"]}}],"collection":[{"href":"https:\/\/linitiative.ca\/International\/wp-json\/wp\/v2\/posts"}],"about":[{"href":"https:\/\/linitiative.ca\/International\/wp-json\/wp\/v2\/types\/post"}],"author":[{"embeddable":true,"href":"https:\/\/linitiative.ca\/International\/wp-json\/wp\/v2\/users\/1965"}],"replies":[{"embeddable":true,"href":"https:\/\/linitiative.ca\/International\/wp-json\/wp\/v2\/comments?post=148211"}],"version-history":[{"count":0,"href":"https:\/\/linitiative.ca\/International\/wp-json\/wp\/v2\/posts\/148211\/revisions"}],"wp:attachment":[{"href":"https:\/\/linitiative.ca\/International\/wp-json\/wp\/v2\/media?parent=148211"}],"wp:term":[{"taxonomy":"category","embeddable":true,"href":"https:\/\/linitiative.ca\/International\/wp-json\/wp\/v2\/categories?post=148211"},{"taxonomy":"post_tag","embeddable":true,"href":"https:\/\/linitiative.ca\/International\/wp-json\/wp\/v2\/tags?post=148211"}],"curies":[{"name":"wp","href":"https:\/\/api.w.org\/{rel}","templated":true}]}}