{"id":148213,"date":"2022-05-20T18:04:47","date_gmt":"2022-05-20T22:04:47","guid":{"rendered":"https:\/\/linitiative.ca\/International\/coupe-de-la-caf-rs-berkane-decroche-son-deuxieme-titre\/"},"modified":"2022-05-20T18:04:47","modified_gmt":"2022-05-20T22:04:47","slug":"coupe-de-la-caf-rs-berkane-decroche-son-deuxieme-titre","status":"publish","type":"post","link":"https:\/\/linitiative.ca\/International\/coupe-de-la-caf-rs-berkane-decroche-son-deuxieme-titre\/","title":{"rendered":"Coupe de la CAF: RS Berkane d\u00e9croche son deuxi\u00e8me titre"},"content":{"rendered":"<div>\n<p><img decoding=\"async\" width=\"300\" height=\"153\" src=\"https:\/\/linitiative.ca\/International\/wp-content\/uploads\/sites\/23\/2022\/05\/rs-berkane-caf-300x153-1.png\" class=\"attachment-medium size-medium wp-post-image\" alt=\"\" loading=\"lazy\" srcset=\"https:\/\/linitiative.ca\/International\/wp-content\/uploads\/sites\/23\/2022\/05\/rs-berkane-caf-300x153-1.png 300w, https:\/\/aujourdhui.ma\/wp-content\/uploads\/2022\/05\/rs-berkane-caf-274x140.png 274w, https:\/\/aujourdhui.ma\/wp-content\/uploads\/2022\/05\/rs-berkane-caf.png 746w, https:\/\/aujourdhui.ma\/wp-content\/uploads\/2022\/05\/rs-berkane-caf-165x84.png 165w, https:\/\/aujourdhui.ma\/wp-content\/uploads\/2022\/05\/rs-berkane-caf-702x358.png 702w\" sizes=\"auto, (max-width: 300px) 100vw, 300px\"><\/p>\n<p><strong>La Renaissance de Berkane (RSB) a d\u00e9croch\u00e9 son deuxi\u00e8me titre de la Coupe de la Conf\u00e9d\u00e9ration africaine de football (CAF), en battant la formation sud-africaine d\u2019Orlando Pirates par 5 tirs au but \u00e0 4 (temps r\u00e9glementaire: 0-0, prolongations: 1-1), en finale disput\u00e9e vendredi \u00e0 Uyo (Nigeria).<\/strong><\/p>\n<p><span id=\"more-408433\"><\/span><\/p>\n<p>Les Oranges ont ouvert le score gr\u00e2ce \u00e0 Youssef El Fahli sur p\u00e9nalty \u00e0 la 97\u00e8 minute, alors que Thembinkosi Lorch (117\u00e8) \u00e0 \u00e9galis\u00e9 pour les Sud-Africains.<\/p>\n<p>\u00a0<\/p>\n<p>Le club berkani disputait la 3-\u00e8me finale de son histoire de la Coupe de la CAF, apr\u00e8s une finale perdue en 2019 face au Zamalek et une autre remport\u00e9e en 2020 aux d\u00e9pens d\u2019une autre \u00e9quipe \u00e9gyptienne, Pyramids FC.<\/p>\n<p>\u00a0<\/p>\n<p>\u00a0<\/p>\n<\/div>\n<p>Auteur: ALM<br \/>\n<a href=\"https:\/\/aujourdhui.ma\/une\/coupe-de-la-caf-rs-berkane-decroche-son-deuxieme-titre\">Cliquez ici pour lire l&rsquo;article depuis sa source.<\/a><\/p>\n","protected":false},"excerpt":{"rendered":"<p>La Renaissance de Berkane (RSB) a d\u00e9croch\u00e9 son deuxi\u00e8me titre de la Coupe de la Conf\u00e9d\u00e9ration africaine de football (CAF), en battant la formation sud-africaine d\u2019Orlando Pirates par 5 tirs au but \u00e0 4 (temps r\u00e9glementaire: 0-0, prolongations: 1-1), en finale disput\u00e9e vendredi \u00e0 Uyo (Nigeria). Les Oranges ont ouvert le score gr\u00e2ce \u00e0 Youssef [&hellip;]<\/p>\n","protected":false},"author":1759,"featured_media":0,"comment_status":"closed","ping_status":"closed","sticky":false,"template":"","format":"standard","meta":{"fifu_image_url":"https:\/\/aujourdhui.ma\/wp-content\/uploads\/2022\/05\/rs-berkane-caf-300x153.png","fifu_image_alt":"Coupe de la CAF: RS Berkane d\u00e9croche son deuxi\u00e8me titre","footnotes":""},"categories":[73,54],"tags":[],"class_list":["post-148213","post","type-post","status-publish","format-standard","hentry","category-actualite","category-maroc"],"_links":{"self":[{"href":"https:\/\/linitiative.ca\/International\/wp-json\/wp\/v2\/posts\/148213","targetHints":{"allow":["GET"]}}],"collection":[{"href":"https:\/\/linitiative.ca\/International\/wp-json\/wp\/v2\/posts"}],"about":[{"href":"https:\/\/linitiative.ca\/International\/wp-json\/wp\/v2\/types\/post"}],"author":[{"embeddable":true,"href":"https:\/\/linitiative.ca\/International\/wp-json\/wp\/v2\/users\/1759"}],"replies":[{"embeddable":true,"href":"https:\/\/linitiative.ca\/International\/wp-json\/wp\/v2\/comments?post=148213"}],"version-history":[{"count":0,"href":"https:\/\/linitiative.ca\/International\/wp-json\/wp\/v2\/posts\/148213\/revisions"}],"wp:attachment":[{"href":"https:\/\/linitiative.ca\/International\/wp-json\/wp\/v2\/media?parent=148213"}],"wp:term":[{"taxonomy":"category","embeddable":true,"href":"https:\/\/linitiative.ca\/International\/wp-json\/wp\/v2\/categories?post=148213"},{"taxonomy":"post_tag","embeddable":true,"href":"https:\/\/linitiative.ca\/International\/wp-json\/wp\/v2\/tags?post=148213"}],"curies":[{"name":"wp","href":"https:\/\/api.w.org\/{rel}","templated":true}]}}