{"id":148217,"date":"2022-05-21T04:00:12","date_gmt":"2022-05-21T08:00:12","guid":{"rendered":"https:\/\/linitiative.ca\/International\/intelaka-reunion-du-comite-de-pilotage-du-fonds-dappui-au-financement-de-lentrepreneuriat\/"},"modified":"2022-05-21T04:00:12","modified_gmt":"2022-05-21T08:00:12","slug":"intelaka-reunion-du-comite-de-pilotage-du-fonds-dappui-au-financement-de-lentrepreneuriat","status":"publish","type":"post","link":"https:\/\/linitiative.ca\/International\/intelaka-reunion-du-comite-de-pilotage-du-fonds-dappui-au-financement-de-lentrepreneuriat\/","title":{"rendered":"Intelaka: R\u00e9union du Comit\u00e9 de pilotage du fonds d\u2019appui au financement de l\u2019entrepreneuriat"},"content":{"rendered":"<div>\n<p><img decoding=\"async\" width=\"300\" height=\"153\" src=\"https:\/\/linitiative.ca\/International\/wp-content\/uploads\/sites\/23\/2022\/05\/Intelaka-Reunion-du-Comite-de-pilotage-du-fonds-dappui-au-financement-de-lentrepreneuriat-300x153-1.png\" class=\"attachment-medium size-medium wp-post-image\" alt=\"\" loading=\"lazy\" srcset=\"https:\/\/linitiative.ca\/International\/wp-content\/uploads\/sites\/23\/2022\/05\/Intelaka-Reunion-du-Comite-de-pilotage-du-fonds-dappui-au-financement-de-lentrepreneuriat-300x153-1.png 300w, https:\/\/aujourdhui.ma\/wp-content\/uploads\/2022\/05\/Intelaka-Reunion-du-Comite-de-pilotage-du-fonds-dappui-au-financement-de-lentrepreneuriat-274x140.png 274w, https:\/\/aujourdhui.ma\/wp-content\/uploads\/2022\/05\/Intelaka-Reunion-du-Comite-de-pilotage-du-fonds-dappui-au-financement-de-lentrepreneuriat-746x380.png 746w, https:\/\/aujourdhui.ma\/wp-content\/uploads\/2022\/05\/Intelaka-Reunion-du-Comite-de-pilotage-du-fonds-dappui-au-financement-de-lentrepreneuriat-165x84.png 165w, https:\/\/aujourdhui.ma\/wp-content\/uploads\/2022\/05\/Intelaka-Reunion-du-Comite-de-pilotage-du-fonds-dappui-au-financement-de-lentrepreneuriat-702x358.png 702w, https:\/\/aujourdhui.ma\/wp-content\/uploads\/2022\/05\/Intelaka-Reunion-du-Comite-de-pilotage-du-fonds-dappui-au-financement-de-lentrepreneuriat.png 745w\" sizes=\"auto, (max-width: 300px) 100vw, 300px\"><\/p>\n<p><span style=\"color: #800000;\"><strong>Le Comit\u00e9 de pilotage du Fonds d\u2019appui au financement de l\u2019entrepreneuriat (FAFE), support de financement du Programme int\u00e9gr\u00e9 d\u2019appui et de financement de l\u2019entrepreneuriat \u00ab\u00a0Intelaka\u00a0\u00bb, s\u2019est r\u00e9uni, vendredi \u00e0 Rabat, sous la pr\u00e9sidence de la ministre de l\u2019Economie et des Finances, Nadia Fettah Alaoui.<\/strong><\/span><span id=\"more-408441\"><\/span><\/p>\n<p>\u00a0<\/p>\n<p>A l\u2019occasion de son mot d\u2019ouverture, Mme Fettah Alaoui a rappel\u00e9 que le programme Intelaka a \u00e9t\u00e9 lanc\u00e9 suite au discours de Sa Majest\u00e9 le Roi \u00e0 l\u2019occasion de l\u2019ouverture de la premi\u00e8re session de la 4\u00e8me ann\u00e9e l\u00e9gislative de la 10\u00e8me l\u00e9gislature.\u00a0 Le Souverain, que Dieu L\u2019assiste, avait exhort\u00e9 le secteur bancaire et financier \u00e0 soutenir les jeunes entreprises et les porteurs de projets en \u0153uvrant pour la mise en place d\u2019un programme sp\u00e9cial adapt\u00e9 aux jeunes porteurs de projets, a-t-elle soulign\u00e9.\u00a0 Dans une d\u00e9claration \u00e0 la presse, la ministre a relev\u00e9 que cette rencontre a \u00e9t\u00e9 une occasion de faire un bilan d\u2019\u00e9tapes puisque les objectifs en nombre et en volume de cr\u00e9dits ont atteint environ plus de 90%, et de faire un point sur les am\u00e9liorations \u00e0 apporter notamment en mati\u00e8re d\u2019accompagnement.<\/p>\n<p>\u00a0<\/p>\n<p>Elle a en outre mis l\u2019accent sur l\u2019importance d\u2019am\u00e9liorer l\u2019accompagnement de ces jeunes qui portent des projets mais qui ont besoin davantage d\u2019exp\u00e9rience et d\u2019\u00e9clairage sur l\u2019entreprenariat. Ainsi, les \u00e9quipes avec l\u2019ensemble des partenaires vont travailler \u00e9galement pour formuler de nouvelles propositions pour continuer ce programme et am\u00e9liorer cette inclusion des jeunes dans l\u2019\u00e9conomie du Maroc, a-t-elle relev\u00e9.<\/p>\n<p>\u00a0<\/p>\n<p>A l\u2019occasion de cette r\u00e9union, le comit\u00e9 a pris acte des r\u00e9alisations d\u2019Intelaka. En effet, malgr\u00e9 le contexte de la crise sanitaire, les cr\u00e9dits accord\u00e9s dans le cadre du programme Intelaka ont totalis\u00e9, \u00e0 fin avril 2022, 6 milliards de dirhams (MMDH) pour un nombre total de 44.695 cr\u00e9dits au profit de 28.665 entreprises, soit 94% de l\u2019objectif fix\u00e9 (13.500 par an).<\/p>\n<p>\u00a0<\/p>\n<p>Les financements mobilis\u00e9s dans le cadre de ce programme devraient permettre de g\u00e9n\u00e9rer des investissements d\u2019une enveloppe globale de 13,7 MMDH et de contribuer \u00e0 la cr\u00e9ation de 97.000 emplois directs soit 159% de l\u2019objectif (27.000 par an).\u00a0 Conform\u00e9ment aux conventions sign\u00e9es dans le cadre du programme, les contributions \u00e0 fin 2021 ont \u00e9t\u00e9 de l\u2019ordre de 4 MMDH r\u00e9parties entre l\u2019Etat (2 MMDH) et les banques (2 MMDH). En plus, des versements du Fonds Hassan II pour le D\u00e9veloppement \u00c9conomique et Social, qui interviennent en fonction des demandes des banques, qui ont atteints 613 millions de dirhams (MDH).\u00a0 Le Comit\u00e9 a mis l\u2019accent sur la n\u00e9cessit\u00e9 de renforcer la composante \u2019\u2019Accompagnement\u2019\u2019 du programme, de donner un souffle nouveau \u00e0 la communication vis-\u00e0-vis du grand public afin d\u2019am\u00e9liorer l\u2019apport du programme Intelaka au service de l\u2019entrepreneuriat.<\/p>\n<p>\u00a0<\/p>\n<p>Ont pris part \u00e0 cette r\u00e9union, le Wali de Bank Al-Maghrib, le Pr\u00e9sident du Groupement Professionnel des Banques du Maroc ainsi que les Pr\u00e9sidents d\u2019Attijariwafa bank et du Groupe Banque Centrale Populaire, la Pr\u00e9sidente du Fonds Hassan II pour le D\u00e9veloppement \u00c9conomique et Social et le Directeur G\u00e9n\u00e9ral de la Soci\u00e9t\u00e9 Nationale de Garantie et du Financement de l\u2019Entreprise (Tamwilcom). Et de rappeler que le comit\u00e9 de pilotage du FAFE est institu\u00e9 par la convention portant sur le financement de l\u2019entrepreneuriat, sign\u00e9e le 27 janvier 2020 dans le cadre du lancement d\u2019Intelaka.<\/p>\n<p>\u00a0<\/p>\n<p>\u00a0<\/p>\n<\/div>\n<p>Auteur: ALM<br \/>\n<a href=\"https:\/\/aujourdhui.ma\/economie\/intelaka-reunion-du-comite-de-pilotage-du-fonds-dappui-au-financement-de-lentrepreneuriat\">Cliquez ici pour lire l&rsquo;article depuis sa source.<\/a><\/p>\n","protected":false},"excerpt":{"rendered":"<p>Le Comit\u00e9 de pilotage du Fonds d\u2019appui au financement de l\u2019entrepreneuriat (FAFE), support de financement du Programme int\u00e9gr\u00e9 d\u2019appui et de financement de l\u2019entrepreneuriat \u00ab\u00a0Intelaka\u00a0\u00bb, s\u2019est r\u00e9uni, vendredi \u00e0 Rabat, sous la pr\u00e9sidence de la ministre de l\u2019Economie et des Finances, Nadia Fettah Alaoui. \u00a0 A l\u2019occasion de son mot d\u2019ouverture, Mme Fettah Alaoui a [&hellip;]<\/p>\n","protected":false},"author":1759,"featured_media":0,"comment_status":"closed","ping_status":"closed","sticky":false,"template":"","format":"standard","meta":{"fifu_image_url":"https:\/\/aujourdhui.ma\/wp-content\/uploads\/2022\/05\/Intelaka-Reunion-du-Comite-de-pilotage-du-fonds-dappui-au-financement-de-lentrepreneuriat-300x153.png","fifu_image_alt":"Intelaka: R\u00e9union du Comit\u00e9 de pilotage du fonds d\u2019appui au financement de l\u2019entrepreneuriat","footnotes":""},"categories":[73,54],"tags":[],"class_list":["post-148217","post","type-post","status-publish","format-standard","hentry","category-actualite","category-maroc"],"_links":{"self":[{"href":"https:\/\/linitiative.ca\/International\/wp-json\/wp\/v2\/posts\/148217","targetHints":{"allow":["GET"]}}],"collection":[{"href":"https:\/\/linitiative.ca\/International\/wp-json\/wp\/v2\/posts"}],"about":[{"href":"https:\/\/linitiative.ca\/International\/wp-json\/wp\/v2\/types\/post"}],"author":[{"embeddable":true,"href":"https:\/\/linitiative.ca\/International\/wp-json\/wp\/v2\/users\/1759"}],"replies":[{"embeddable":true,"href":"https:\/\/linitiative.ca\/International\/wp-json\/wp\/v2\/comments?post=148217"}],"version-history":[{"count":0,"href":"https:\/\/linitiative.ca\/International\/wp-json\/wp\/v2\/posts\/148217\/revisions"}],"wp:attachment":[{"href":"https:\/\/linitiative.ca\/International\/wp-json\/wp\/v2\/media?parent=148217"}],"wp:term":[{"taxonomy":"category","embeddable":true,"href":"https:\/\/linitiative.ca\/International\/wp-json\/wp\/v2\/categories?post=148217"},{"taxonomy":"post_tag","embeddable":true,"href":"https:\/\/linitiative.ca\/International\/wp-json\/wp\/v2\/tags?post=148217"}],"curies":[{"name":"wp","href":"https:\/\/api.w.org\/{rel}","templated":true}]}}