{"id":148219,"date":"2022-05-21T06:31:12","date_gmt":"2022-05-21T10:31:12","guid":{"rendered":"https:\/\/linitiative.ca\/International\/anouar-benazzouz-prend-officiellement-la-presidence-de-la-federation-routiere-internationale\/"},"modified":"2022-05-21T06:31:12","modified_gmt":"2022-05-21T10:31:12","slug":"anouar-benazzouz-prend-officiellement-la-presidence-de-la-federation-routiere-internationale","status":"publish","type":"post","link":"https:\/\/linitiative.ca\/International\/anouar-benazzouz-prend-officiellement-la-presidence-de-la-federation-routiere-internationale\/","title":{"rendered":"Anouar Benazzouz prend officiellement la pr\u00e9sidence de la f\u00e9d\u00e9ration routi\u00e8re internationale"},"content":{"rendered":"<div>\n<p><img decoding=\"async\" width=\"300\" height=\"153\" src=\"https:\/\/linitiative.ca\/International\/wp-content\/uploads\/sites\/23\/2022\/05\/IRF-300x153-1.jpg\" class=\"attachment-medium size-medium wp-post-image\" alt=\"\" loading=\"lazy\" srcset=\"https:\/\/linitiative.ca\/International\/wp-content\/uploads\/sites\/23\/2022\/05\/IRF-300x153-1.jpg 300w, https:\/\/aujourdhui.ma\/wp-content\/uploads\/2022\/05\/IRF-274x140.jpg 274w, https:\/\/aujourdhui.ma\/wp-content\/uploads\/2022\/05\/IRF.jpg 746w, https:\/\/aujourdhui.ma\/wp-content\/uploads\/2022\/05\/IRF-165x84.jpg 165w, https:\/\/aujourdhui.ma\/wp-content\/uploads\/2022\/05\/IRF-702x358.jpg 702w\" sizes=\"auto, (max-width: 300px) 100vw, 300px\"><\/p>\n<div dir=\"auto\"><\/div>\n<div dir=\"auto\"><strong>Le directeur g\u00e9n\u00e9ral de la Soci\u00e9t\u00e9 nationale des Autoroutes du Maroc (ADM), Anouar Benazzouz, a entam\u00e9 officiellement son mandat \u00e0 la t\u00eate de la F\u00e9d\u00e9ration Routi\u00e8re Internationale (l\u2019IRF), lors du sommet du Forum International des Transports (FIT), qui se tient \u00e0 Leipzig, en Allemagne, sous la pr\u00e9sidence du Maroc.<\/strong><\/div>\n<p><span id=\"more-408446\"><\/span><\/p>\n<div dir=\"auto\"><\/div>\n<div dir=\"auto\">M. Benazzouz, qui a \u00e9t\u00e9 \u00e9lu \u00e0 l\u2019unanimit\u00e9 nouveau pr\u00e9sident de l\u2019IRF, \u00e0 l\u2019occasion d\u2019une assembl\u00e9e g\u00e9n\u00e9rale de la F\u00e9d\u00e9ration tenue le 29 mars dernier \u00e0 Amsterdam, succ\u00e8de \u00e0 ce poste \u00e0 Bill Halkias qui a achev\u00e9 son mandat de trois ans \u00e0 la t\u00eate de l\u2019IRF.<\/div>\n<div dir=\"auto\"><\/div>\n<div dir=\"auto\">Une c\u00e9r\u00e9monie symbolique marquant cet \u00e9v\u00e8nement a eu lieu, vendredi au stand du Maroc au sommet du Forum International du Transport, en pr\u00e9sence du ministre du Transport et de la Logistique, Mohamed Abdeljalil, qui a conduit une importante d\u00e9l\u00e9gation marocaine \u00e0 ce sommet.<\/div>\n<div dir=\"auto\"><\/div>\n<div dir=\"auto\">L\u2019\u00e9lection de M. Benazzouz \u00e0 la pr\u00e9sidence de l\u2019IRF \u00ab vient couronner, d\u2019une part, la pr\u00e9sence active d\u2019ADM sur la sc\u00e8ne internationale des acteurs routiers et autoroutiers, et son engagement \u00e0 positionner le Maroc en tant que hub r\u00e9gional et leader africain dans le domaine, et d\u2019autre part, les efforts et le travail fournis par le DG d\u2019ADM en tant que vice-pr\u00e9sident de l\u2019IRF durant les 4 derni\u00e8res ann\u00e9es \u00bb, pr\u00e9cise un communiqu\u00e9 des Autoroutes du Maroc.<\/div>\n<div dir=\"auto\"><\/div>\n<div dir=\"auto\">Le nouveau pr\u00e9sident de l\u2019IRF \u00ab s\u2019est engag\u00e9 \u00e0 poursuivre la mise en \u0153uvre de la mission de la f\u00e9d\u00e9ration pour promouvoir le d\u00e9veloppement d\u2019une infrastructure routi\u00e8re s\u00fbre, efficiente et durable \u00e0 l\u2019\u00e9chelle internationale, et \u00e0 renforcer davantage les partenariats, f\u00e9d\u00e9rer et mobiliser tous les acteurs et parties prenantes \u00bb.<\/div>\n<div dir=\"auto\"><\/div>\n<div dir=\"auto\">\u00ab Notre secteur vit une r\u00e9volution qui n\u2019est pas seulement port\u00e9e par les avanc\u00e9es technologiques mais aussi par le fait que nous avons invers\u00e9 l\u2019ordre des priorit\u00e9s, en remettant l\u2019Homme au centre des syst\u00e8mes de transport que nous avons ensemble con\u00e7us, construits et exploit\u00e9s (\u2026) nous souhaiterions que la f\u00e9d\u00e9ration soit un v\u00e9ritable forum de collaboration \u00e0 tous les niveaux et un espace o\u00f9 nous cr\u00e9erons une nouvelle valeur pour notre secteur et bien plus\u00bb, a d\u00e9clar\u00e9 M. Benazzouz.<\/div>\n<\/div>\n<p>Auteur: ALM<br \/>\n<a href=\"https:\/\/aujourdhui.ma\/actualite\/anouar-benazzouz-prend-officiellement-la-presidence-de-la-federation-routiere-internationale\">Cliquez ici pour lire l&rsquo;article depuis sa source.<\/a><\/p>\n","protected":false},"excerpt":{"rendered":"<p>Le directeur g\u00e9n\u00e9ral de la Soci\u00e9t\u00e9 nationale des Autoroutes du Maroc (ADM), Anouar Benazzouz, a entam\u00e9 officiellement son mandat \u00e0 la t\u00eate de la F\u00e9d\u00e9ration Routi\u00e8re Internationale (l\u2019IRF), lors du sommet du Forum International des Transports (FIT), qui se tient \u00e0 Leipzig, en Allemagne, sous la pr\u00e9sidence du Maroc. M. Benazzouz, qui a \u00e9t\u00e9 \u00e9lu [&hellip;]<\/p>\n","protected":false},"author":1759,"featured_media":0,"comment_status":"closed","ping_status":"closed","sticky":false,"template":"","format":"standard","meta":{"fifu_image_url":"https:\/\/aujourdhui.ma\/wp-content\/uploads\/2022\/05\/IRF-300x153.jpg","fifu_image_alt":"Anouar Benazzouz prend officiellement la pr\u00e9sidence de la f\u00e9d\u00e9ration routi\u00e8re internationale","footnotes":""},"categories":[73,54],"tags":[],"class_list":["post-148219","post","type-post","status-publish","format-standard","hentry","category-actualite","category-maroc"],"_links":{"self":[{"href":"https:\/\/linitiative.ca\/International\/wp-json\/wp\/v2\/posts\/148219","targetHints":{"allow":["GET"]}}],"collection":[{"href":"https:\/\/linitiative.ca\/International\/wp-json\/wp\/v2\/posts"}],"about":[{"href":"https:\/\/linitiative.ca\/International\/wp-json\/wp\/v2\/types\/post"}],"author":[{"embeddable":true,"href":"https:\/\/linitiative.ca\/International\/wp-json\/wp\/v2\/users\/1759"}],"replies":[{"embeddable":true,"href":"https:\/\/linitiative.ca\/International\/wp-json\/wp\/v2\/comments?post=148219"}],"version-history":[{"count":0,"href":"https:\/\/linitiative.ca\/International\/wp-json\/wp\/v2\/posts\/148219\/revisions"}],"wp:attachment":[{"href":"https:\/\/linitiative.ca\/International\/wp-json\/wp\/v2\/media?parent=148219"}],"wp:term":[{"taxonomy":"category","embeddable":true,"href":"https:\/\/linitiative.ca\/International\/wp-json\/wp\/v2\/categories?post=148219"},{"taxonomy":"post_tag","embeddable":true,"href":"https:\/\/linitiative.ca\/International\/wp-json\/wp\/v2\/tags?post=148219"}],"curies":[{"name":"wp","href":"https:\/\/api.w.org\/{rel}","templated":true}]}}