{"id":148221,"date":"2022-05-21T11:10:08","date_gmt":"2022-05-21T15:10:08","guid":{"rendered":"https:\/\/linitiative.ca\/International\/covid-19-maroc-la-situation-epidemiologique-au-21-mai-2022\/"},"modified":"2022-05-21T11:10:08","modified_gmt":"2022-05-21T15:10:08","slug":"covid-19-maroc-la-situation-epidemiologique-au-21-mai-2022","status":"publish","type":"post","link":"https:\/\/linitiative.ca\/International\/covid-19-maroc-la-situation-epidemiologique-au-21-mai-2022\/","title":{"rendered":"COVID-19 \/ Maroc : La situation \u00e9pid\u00e9miologique au 21 mai 2022"},"content":{"rendered":"<div>\n<p><img decoding=\"async\" width=\"300\" height=\"153\" src=\"https:\/\/linitiative.ca\/International\/wp-content\/uploads\/sites\/23\/2022\/05\/coronavirus-Statistiques-300x153-1.jpg\" class=\"attachment-medium size-medium wp-post-image\" alt=\"\" loading=\"lazy\" srcset=\"https:\/\/linitiative.ca\/International\/wp-content\/uploads\/sites\/23\/2022\/05\/coronavirus-Statistiques-300x153-1.jpg 300w, https:\/\/aujourdhui.ma\/wp-content\/uploads\/2022\/02\/coronavirus-Statistiques-274x140.jpg 274w, https:\/\/aujourdhui.ma\/wp-content\/uploads\/2022\/02\/coronavirus-Statistiques.jpg 746w, https:\/\/aujourdhui.ma\/wp-content\/uploads\/2022\/02\/coronavirus-Statistiques-165x84.jpg 165w, https:\/\/aujourdhui.ma\/wp-content\/uploads\/2022\/02\/coronavirus-Statistiques-702x358.jpg 702w\" sizes=\"auto, (max-width: 300px) 100vw, 300px\"><\/p>\n<p>Nouveaux cas soit un cumul de 1.166.530 cas \u00e0 ce jour. 77 gu\u00e9risons soit un cumul de 1.149.476 \u00e0 ce jour. Z\u00c9RO D\u00c9C\u00c8S donc un cumul de 16.075 \u00e0 ce jour.<\/p>\n<p><span style=\"color: #ff0000;\"><strong>Nombre de personnes vaccin\u00e9es au 21 mai \u00e0 15H00<\/strong><\/span><\/p>\n<p>1\u00e8re dose :<strong> 24 823 437<br \/>\n<\/strong><\/p>\n<p>2\u00e8me dose :\u00a0<strong>23 303 922<br \/>\n<\/strong><\/p>\n<p>3\u00e8me dose :\u00a0<strong>6 369 439<br \/>\n<\/strong><\/p>\n<p>\u00a0<\/p>\n<p><a href=\"https:\/\/linitiative.ca\/International\/wp-content\/uploads\/sites\/23\/2022\/05\/IMG-20220521-WA0020.jpg\"><img loading=\"lazy\" decoding=\"async\" class=\"aligncenter size-full wp-image-408451\" src=\"https:\/\/linitiative.ca\/International\/wp-content\/uploads\/sites\/23\/2022\/05\/IMG-20220521-WA0020.jpg\" alt=\"\" width=\"1091\" height=\"1527\" srcset=\"https:\/\/linitiative.ca\/International\/wp-content\/uploads\/sites\/23\/2022\/05\/IMG-20220521-WA0020.jpg 1091w, https:\/\/aujourdhui.ma\/wp-content\/uploads\/2022\/05\/IMG-20220521-WA0020-214x300.jpg 214w, https:\/\/aujourdhui.ma\/wp-content\/uploads\/2022\/05\/IMG-20220521-WA0020-732x1024.jpg 732w, https:\/\/aujourdhui.ma\/wp-content\/uploads\/2022\/05\/IMG-20220521-WA0020-768x1075.jpg 768w\" sizes=\"auto, (max-width: 1091px) 100vw, 1091px\"><\/a> <a href=\"https:\/\/linitiative.ca\/International\/wp-content\/uploads\/sites\/23\/2022\/05\/IMG-20220521-WA0021.jpg\"><img loading=\"lazy\" decoding=\"async\" class=\"aligncenter size-full wp-image-408452\" src=\"https:\/\/linitiative.ca\/International\/wp-content\/uploads\/sites\/23\/2022\/05\/IMG-20220521-WA0021.jpg\" alt=\"\" width=\"1055\" height=\"1600\" srcset=\"https:\/\/linitiative.ca\/International\/wp-content\/uploads\/sites\/23\/2022\/05\/IMG-20220521-WA0021.jpg 1055w, https:\/\/aujourdhui.ma\/wp-content\/uploads\/2022\/05\/IMG-20220521-WA0021-198x300.jpg 198w, https:\/\/aujourdhui.ma\/wp-content\/uploads\/2022\/05\/IMG-20220521-WA0021-675x1024.jpg 675w, https:\/\/aujourdhui.ma\/wp-content\/uploads\/2022\/05\/IMG-20220521-WA0021-768x1165.jpg 768w, https:\/\/aujourdhui.ma\/wp-content\/uploads\/2022\/05\/IMG-20220521-WA0021-1013x1536.jpg 1013w\" sizes=\"auto, (max-width: 1055px) 100vw, 1055px\"><\/a> <a href=\"https:\/\/linitiative.ca\/International\/wp-content\/uploads\/sites\/23\/2022\/05\/IMG-20220521-WA0022.jpg\"><img loading=\"lazy\" decoding=\"async\" class=\"aligncenter size-full wp-image-408453\" src=\"https:\/\/linitiative.ca\/International\/wp-content\/uploads\/sites\/23\/2022\/05\/IMG-20220521-WA0022.jpg\" alt=\"\" width=\"1170\" height=\"556\" srcset=\"https:\/\/linitiative.ca\/International\/wp-content\/uploads\/sites\/23\/2022\/05\/IMG-20220521-WA0022.jpg 1170w, https:\/\/aujourdhui.ma\/wp-content\/uploads\/2022\/05\/IMG-20220521-WA0022-300x143.jpg 300w, https:\/\/aujourdhui.ma\/wp-content\/uploads\/2022\/05\/IMG-20220521-WA0022-1024x487.jpg 1024w, https:\/\/aujourdhui.ma\/wp-content\/uploads\/2022\/05\/IMG-20220521-WA0022-768x365.jpg 768w\" sizes=\"auto, (max-width: 1170px) 100vw, 1170px\"><\/a><\/p>\n<\/div>\n<p>Auteur: ALM<br \/>\n<a href=\"https:\/\/aujourdhui.ma\/actualite\/la-situation-epidemiologique-au-21-mai-2022\">Cliquez ici pour lire l&rsquo;article depuis sa source.<\/a><\/p>\n","protected":false},"excerpt":{"rendered":"<p>Nouveaux cas soit un cumul de 1.166.530 cas \u00e0 ce jour. 77 gu\u00e9risons soit un cumul de 1.149.476 \u00e0 ce jour. Z\u00c9RO D\u00c9C\u00c8S donc un cumul de 16.075 \u00e0 ce jour. Nombre de personnes vaccin\u00e9es au 21 mai \u00e0 15H00 1\u00e8re dose : 24 823 437 2\u00e8me dose :\u00a023 303 922 3\u00e8me dose :\u00a06 369 [&hellip;]<\/p>\n","protected":false},"author":1759,"featured_media":0,"comment_status":"closed","ping_status":"closed","sticky":false,"template":"","format":"standard","meta":{"fifu_image_url":"https:\/\/aujourdhui.ma\/wp-content\/uploads\/2022\/02\/coronavirus-Statistiques-300x153.jpg","fifu_image_alt":"COVID-19 \/ Maroc : La situation \u00e9pid\u00e9miologique au 21 mai 2022","footnotes":""},"categories":[73,54],"tags":[],"class_list":["post-148221","post","type-post","status-publish","format-standard","hentry","category-actualite","category-maroc"],"_links":{"self":[{"href":"https:\/\/linitiative.ca\/International\/wp-json\/wp\/v2\/posts\/148221","targetHints":{"allow":["GET"]}}],"collection":[{"href":"https:\/\/linitiative.ca\/International\/wp-json\/wp\/v2\/posts"}],"about":[{"href":"https:\/\/linitiative.ca\/International\/wp-json\/wp\/v2\/types\/post"}],"author":[{"embeddable":true,"href":"https:\/\/linitiative.ca\/International\/wp-json\/wp\/v2\/users\/1759"}],"replies":[{"embeddable":true,"href":"https:\/\/linitiative.ca\/International\/wp-json\/wp\/v2\/comments?post=148221"}],"version-history":[{"count":0,"href":"https:\/\/linitiative.ca\/International\/wp-json\/wp\/v2\/posts\/148221\/revisions"}],"wp:attachment":[{"href":"https:\/\/linitiative.ca\/International\/wp-json\/wp\/v2\/media?parent=148221"}],"wp:term":[{"taxonomy":"category","embeddable":true,"href":"https:\/\/linitiative.ca\/International\/wp-json\/wp\/v2\/categories?post=148221"},{"taxonomy":"post_tag","embeddable":true,"href":"https:\/\/linitiative.ca\/International\/wp-json\/wp\/v2\/tags?post=148221"}],"curies":[{"name":"wp","href":"https:\/\/api.w.org\/{rel}","templated":true}]}}