{"id":148226,"date":"2022-05-21T08:18:35","date_gmt":"2022-05-21T12:18:35","guid":{"rendered":"https:\/\/linitiative.ca\/International\/la-confrerie-des-regraga-entame-son-moussem-annuel\/"},"modified":"2022-05-21T08:18:35","modified_gmt":"2022-05-21T12:18:35","slug":"la-confrerie-des-regraga-entame-son-moussem-annuel","status":"publish","type":"post","link":"https:\/\/linitiative.ca\/International\/la-confrerie-des-regraga-entame-son-moussem-annuel\/","title":{"rendered":"La confr\u00e9rie des Regraga entame son moussem annuel"},"content":{"rendered":"<div>\n<div style=\"margin-bottom:20px;\"><img loading=\"lazy\" decoding=\"async\" width=\"750\" height=\"430\" src=\"https:\/\/linitiative.ca\/International\/wp-content\/uploads\/sites\/23\/2022\/05\/regraga-copier.jpg\" class=\"attachment-post-thumbnail size-post-thumbnail wp-post-image\" alt=\"\" srcset=\"https:\/\/linitiative.ca\/International\/wp-content\/uploads\/sites\/23\/2022\/05\/regraga-copier.jpg 750w, https:\/\/www.mapmarrakech.ma\/map\/uploads\/2022\/05\/regraga-copier-300x172.jpg 300w\" sizes=\"auto, (max-width: 750px) 100vw, 750px\"><\/div>\n<div>\n<p>Ce \u00ab\u00a0p\u00e8lerinage circulaire\u00a0\u00bb\u00a0(Daour)\u00a0aux sanctuaires des sept saints pr\u00e9sent\u00e9s comme les anc\u00eatres des Regraga, se d\u00e9roule en 44 \u00e9tapes dans le territoire de la zone de Chiadma (au nord d\u2019Essaouira). Il s\u2019\u00e9tale sur 44 jours et s\u2019ach\u00e8vera le 26 juin prochain \u00e0 Sidi Ali Ben Maachou relevant du Ca\u00efdat des Chiadma Al Janoubiya.<\/p>\n<p>Une c\u00e9r\u00e9monie officielle marquant le lancement de cette manifestation \u00e0 la fois religieuse, culturelle et socio\u00e9conomique a \u00e9t\u00e9 organis\u00e9e \u00e0 cette occasion, en pr\u00e9sence notamment du gouverneur de la province d\u2019Essaouira, Adil El Maliki, des chefs des services ext\u00e9rieurs, des \u00e9lus, des autorit\u00e9s et d\u2019autres personnalit\u00e9s.<\/p>\n<p>Elle a \u00e9t\u00e9 ponctu\u00e9e par des pan\u00e9gyriques \u00e0 la gloire du proph\u00e8te Sidna Mohammed (PSL), des lectures de versets du Saint Coran et des interventions mettant en relief le patrimoine authentique que repr\u00e9sente ce p\u00e9riple annuel, le tout dans une atmosph\u00e8re de pi\u00e9t\u00e9 et de recueillement.<\/p>\n<p>En marge de cette c\u00e9r\u00e9monie, M. El Maliki a proc\u00e9d\u00e9 \u00e0 l\u2019inauguration d\u2019un mus\u00e9e des documents mettant en relief le patrimoine s\u00e9culaire et le r\u00f4le majeur de cette Zaouia \u00e0 travers l\u2019histoire.<\/p>\n<p>S\u2019exprimant \u00e0 cette occasion M. Abdelaziz El Moqqadem, Moqadem de la Zaouia des Regraga, a r\u00e9it\u00e9r\u00e9, au nom des chorfas et adeptes de cette Zaouia, l\u2019attachement ind\u00e9fectible de cette confr\u00e9rie au glorieux Tr\u00f4ne Alaouite, et sa mobilisation constante derri\u00e8re Sa Majest\u00e9 le Roi Mohammed VI pour le d\u00e9veloppement et le progr\u00e8s du Royaume.<\/p>\n<p>\u00ab\u00a0Le moussem repart de nouveau cette ann\u00e9e apr\u00e8s un arr\u00eat forc\u00e9 en raison de la pand\u00e9mie de la Covid-19, avec \u00e0 la cl\u00e9 une panoplie d\u2019activit\u00e9s culturelles et religieuses pr\u00e9vues lors de cette c\u00e9r\u00e9monie d\u2019ouverture\u00a0\u00bb, a-t-il dit dans une d\u00e9claration \u00e0 \u00ab\u00a0M24\u00a0\u00bb, la cha\u00eene d\u2019information en continu de la MAP, soulignant que le mus\u00e9e inaugur\u00e9 regorge de documents pr\u00e9cieux, dont des Dahirs Ch\u00e9rifiens entre autres.<\/p>\n<p>Cette structure mus\u00e9ale sera accessible aux chercheurs pour plus d\u2019ouverture sur le patrimoine de la Zaouia des Regraga et sa riche histoire s\u00e9culaire, a-t-il expliqu\u00e9.<\/p>\n<p>De son c\u00f4t\u00e9,\u00a0le pr\u00e9sident du conseil local des oul\u00e9mas d\u2019Essaouira, Mohamed Menguit,\u00a0a soulign\u00e9 l\u2019atmosph\u00e8re spirituelle et de recueillement dans laquelle se d\u00e9roule ce moussem, pr\u00e9cisant que cette manifestation se veut l\u2019occasion pour se rem\u00e9morer l\u2019histoire, combien s\u00e9culaire, de toute une r\u00e9gion, en g\u00e9n\u00e9ral, et de la Zaouia des Regraga, en particulier.<\/p>\n<p>Pour sa part, le pr\u00e9sident de la commune de la Zaouia de Sidi Mohamed Ben Hmida, Abdessadek Sa\u00efdi, a indiqu\u00e9 qu\u2019il s\u2019agit du plus long et ancien moussem aux niveaux national, africain et arabe, ajoutant qu\u2019il est tr\u00e8s connu pour son authenticit\u00e9, son aspect culturel et les nobles valeurs qu\u2019il ne cesse de v\u00e9hiculer.<\/p>\n<p>La c\u00e9r\u00e9monie officielle marquant le lancement de ce moussem a \u00e9t\u00e9 marqu\u00e9e, cette ann\u00e9e, par l\u2019ouverture davantage sur les volets culturel et intellectuel, \u00e0 travers la programmation d\u2019une s\u00e9rie d\u2019activit\u00e9s dans ce sens, comme en t\u00e9moigne la signature d\u2019un ouvrage traitant de l\u2019histoire de la r\u00e9gion, a-t-il fait remarquer.<\/p>\n<p>En effet, la s\u00e9ance d\u2019ouverture a \u00e9t\u00e9 l\u2019occasion pour la signature d\u2019un ouvrage du chercheur en patrimoine, Mohamed Janboubi, intitul\u00e9 \u00ab\u00a0Regraga et le ph\u00e9nom\u00e8ne des sept saints\u00a0\u00bb.<\/p>\n<p>Dans une d\u00e9claration \u00e0 la cha\u00eene \u00ab\u00a0M24\u00a0\u00bb, M. Janboubi s\u2019est f\u00e9licit\u00e9 de cet esprit d\u2019ouverture des organisateurs de cet \u00e9v\u00e9nement annuel sur la recherche scientifique et le volet acad\u00e9mique et historique de cette Zaouia.<\/p>\n<p>Il a relev\u00e9 que ce livre de 195 pages de format moyen est le fruit d\u2019un travail de pr\u00e8s de quatre ans d\u2019\u00e9tudes et de recherches.<\/p>\n<p>A l\u2019issue de cette c\u00e9r\u00e9monie, le gouverneur de la province et les membres de la d\u00e9l\u00e9gation l\u2019accompagnant ainsi que les chorfas et adeptes de cette confr\u00e9rie ont accompli la pri\u00e8re du vendredi \u00e0 la mosqu\u00e9e de la Zaouia de\u00a0Mhamed\u00a0Ben Hmida.<\/p>\n<p>A cette occasion, les fid\u00e8les ont implor\u00e9 le\u00a0Tr\u00e8s-Haut de pr\u00e9server SM le Roi Mohammed VI, Amir Al Mouminine, d\u2019accorder longue vie et prosp\u00e9rit\u00e9 au Souverain, de guider Ses pas et de couronner de succ\u00e8s Ses actions inlassables au service du d\u00e9veloppement et du progr\u00e8s du Royaume, et de Le combler en les personnes de SAR le Prince H\u00e9ritier, Moulay El Hassan, de SAR le Prince Moulay Rachid et de l\u2019ensemble des membres de l\u2019Illustre famille Royale.<\/p>\n<p>Des pri\u00e8res ont \u00e9t\u00e9 \u00e9galement \u00e9lev\u00e9es pour le repos de l\u2019\u00e2me des regrett\u00e9s Souverains Feu SM Mohammed V et Feu SM Hassan II.<\/p>\n<p>Le gouverneur et les membres de la d\u00e9l\u00e9gation l\u2019accompagnant se sont rendus, ensuite, au sanctuaire de Sidi Ali Ben Bouali, o\u00f9 ils ont assist\u00e9 \u00e0 la c\u00e9r\u00e9monie rituelle d\u2019immolation de bovins.<\/p>\n<p>Ce p\u00e9riple exceptionnel et unique au Maroc comprend essentiellement deux \u00e9tapes : la premi\u00e8re se d\u00e9roule dans la plaine c\u00f4ti\u00e8re des Chiadma et la seconde \u00e0 l\u2019est de Jbel Lahdid.<\/p>\n<p>Lors de chaque \u00e9tape, une f\u00eate foraine et un souk s\u2019installent pr\u00e8s des sanctuaires visit\u00e9s par les Regraga, ce qui contribue \u00e0 une v\u00e9ritable dynamique socio-\u00e9conomique des sites travers\u00e9s.<\/p>\n<p>Lors du Daour (tourn\u00e9e), qui s\u2019ach\u00e8vera le 26 juin prochain, les Chorfas des Regraga parcourent pr\u00e8s de 500 km, pour se rendre dans 44 sanctuaires, parmi lesquels figurent essentiellement ceux des sept saints pr\u00e9sent\u00e9s comme leurs valeureux anc\u00eatres.<\/p>\n<\/div>\n<p>The post <a rel=\"nofollow\" href=\"https:\/\/www.mapmarrakech.ma\/fr\/la-confrerie-des-regraga-entame-son-moussem-annuel\/\">La confr\u00e9rie des Regraga entame son moussem annuel<\/a> appeared first on <a rel=\"nofollow\" href=\"https:\/\/www.mapmarrakech.ma\/fr\">MapMarrakech<\/a>.<\/p>\n<\/div>\n<p>Auteur: Meriem IGASS<br \/>\n<a href=\"https:\/\/www.mapmarrakech.ma\/fr\/la-confrerie-des-regraga-entame-son-moussem-annuel\/\">Cliquez ici pour lire l&rsquo;article depuis sa source.<\/a><\/p>\n","protected":false},"excerpt":{"rendered":"<p>Ce \u00ab\u00a0p\u00e8lerinage circulaire\u00a0\u00bb\u00a0(Daour)\u00a0aux sanctuaires des sept saints pr\u00e9sent\u00e9s comme les anc\u00eatres des Regraga, se d\u00e9roule en 44 \u00e9tapes dans le territoire de la zone de Chiadma (au nord d\u2019Essaouira). Il s\u2019\u00e9tale sur 44 jours et s\u2019ach\u00e8vera le 26 juin prochain \u00e0 Sidi Ali Ben Maachou relevant du Ca\u00efdat des Chiadma Al Janoubiya. Une c\u00e9r\u00e9monie officielle [&hellip;]<\/p>\n","protected":false},"author":1788,"featured_media":0,"comment_status":"closed","ping_status":"closed","sticky":false,"template":"","format":"standard","meta":{"fifu_image_url":"https:\/\/www.mapmarrakech.ma\/map\/uploads\/2022\/05\/regraga-copier.jpg","fifu_image_alt":"La confr\u00e9rie des Regraga entame son moussem annuel","footnotes":""},"categories":[54,76],"tags":[],"class_list":["post-148226","post","type-post","status-publish","format-standard","hentry","category-maroc","category-regions"],"_links":{"self":[{"href":"https:\/\/linitiative.ca\/International\/wp-json\/wp\/v2\/posts\/148226","targetHints":{"allow":["GET"]}}],"collection":[{"href":"https:\/\/linitiative.ca\/International\/wp-json\/wp\/v2\/posts"}],"about":[{"href":"https:\/\/linitiative.ca\/International\/wp-json\/wp\/v2\/types\/post"}],"author":[{"embeddable":true,"href":"https:\/\/linitiative.ca\/International\/wp-json\/wp\/v2\/users\/1788"}],"replies":[{"embeddable":true,"href":"https:\/\/linitiative.ca\/International\/wp-json\/wp\/v2\/comments?post=148226"}],"version-history":[{"count":0,"href":"https:\/\/linitiative.ca\/International\/wp-json\/wp\/v2\/posts\/148226\/revisions"}],"wp:attachment":[{"href":"https:\/\/linitiative.ca\/International\/wp-json\/wp\/v2\/media?parent=148226"}],"wp:term":[{"taxonomy":"category","embeddable":true,"href":"https:\/\/linitiative.ca\/International\/wp-json\/wp\/v2\/categories?post=148226"},{"taxonomy":"post_tag","embeddable":true,"href":"https:\/\/linitiative.ca\/International\/wp-json\/wp\/v2\/tags?post=148226"}],"curies":[{"name":"wp","href":"https:\/\/api.w.org\/{rel}","templated":true}]}}