{"id":148228,"date":"2022-05-21T08:32:01","date_gmt":"2022-05-21T12:32:01","guid":{"rendered":"https:\/\/linitiative.ca\/International\/formation-en-matiere-de-prevention-et-de-prise-en-charge-de-la-tuberculose\/"},"modified":"2022-05-21T08:32:01","modified_gmt":"2022-05-21T12:32:01","slug":"formation-en-matiere-de-prevention-et-de-prise-en-charge-de-la-tuberculose","status":"publish","type":"post","link":"https:\/\/linitiative.ca\/International\/formation-en-matiere-de-prevention-et-de-prise-en-charge-de-la-tuberculose\/","title":{"rendered":"Formation en mati\u00e8re de pr\u00e9vention et de prise en charge de la tuberculose"},"content":{"rendered":"<div>\n<div style=\"margin-bottom:20px;\"><img loading=\"lazy\" decoding=\"async\" width=\"750\" height=\"430\" src=\"https:\/\/linitiative.ca\/International\/wp-content\/uploads\/sites\/23\/2022\/05\/formation-copier-1.jpg\" class=\"attachment-post-thumbnail size-post-thumbnail wp-post-image\" alt=\"\" srcset=\"https:\/\/linitiative.ca\/International\/wp-content\/uploads\/sites\/23\/2022\/05\/formation-copier-1.jpg 750w, https:\/\/www.mapmarrakech.ma\/map\/uploads\/2022\/05\/formation-copier-1-300x172.jpg 300w\" sizes=\"auto, (max-width: 750px) 100vw, 750px\"><\/div>\n<p>Organis\u00e9e par la Direction r\u00e9gionale de la Sant\u00e9 et de la protection sociale de Marrakech-Safi en partenariat avec le Programme d\u2019appui du Fonds mondial de lutte contre le Sida, la tuberculose et le paludisme, cette formation visait \u00e0 mettre \u00e0 niveau les connaissances du personnel de la sant\u00e9 dans le domaine de lutte contre la tuberculose, renforcer et d\u00e9velopper les comp\u00e9tences du personnel pour disposer de ressources humaines qualifi\u00e9es pour la mise en \u0153uvre du Programme National de Lutte Anti Tuberculeuse (PNLAT).<\/p>\n<p>Il s\u2019agit aussi de connaitre les particularit\u00e9s de la tuberculose chez l\u2019enfant et l\u2019adolescent et les directives du PNLAT en mati\u00e8re de pr\u00e9vention, de diagnostic et de prise en charge de la tuberculose chez cette population, et en mati\u00e8re d\u2019identification et prise en charge des sujets contacts et maitriser la proc\u00e9dure de d\u00e9roulement d\u2019une enqu\u00eate autour du cas de tuberculose et enfin connaitre les directives du PNLAT en mati\u00e8re de diagnostic et de traitement l\u2019infection tuberculeuse latente (ITL) chez les groupes \u00e0 risques de tuberculose.<\/p>\n<p>Dans une d\u00e9claration \u00e0 M24, la chaine t\u00e9l\u00e9vis\u00e9e de l\u2019info en continu de la MAP, Dr. Laila Bouhamidi, chef du service des maladies respiratoires au sein de la Direction de l\u2019\u00e9pid\u00e9miologie et de lutte contre les maladies relevant du minist\u00e8re de la Sant\u00e9 et coordinatrice du PNLAT, a soulign\u00e9 que la tuberculose demeure un probl\u00e8me important de sant\u00e9 publique au Maroc avec pr\u00e8s de 30.000 nouveaux cas enregistr\u00e9s annuellement au niveau national, saisant savoir que les cas sont concentr\u00e9s dans certaines r\u00e9gions plus que d\u2019autres.<\/p>\n<p>Et de noter que la pand\u00e9mie de la Covid-19 a mis \u00e0 rude \u00e9preuve tous les efforts consentis par le Maroc pour \u00e9radiquer cette maladie, assurant que ce programme est en train de rattraper les d\u00e9g\u00e2ts caus\u00e9s par la pand\u00e9mie de la Covid-19.<\/p>\n<p>Cet atelier, qui s\u2019inscrit dans le cadre de ce plan strat\u00e9gique qui concerne tout le territoire national, cible les m\u00e9decins pneumologues et m\u00e9decins impliqu\u00e9s dans les activit\u00e9s de prise en charge des patients tuberculeux sur les nouvelles directives du programme en ad\u00e9quation avec les recommandations internationales et nationales, a-t-elle insist\u00e9.<\/p>\n<p>Cette session vise en premier lieu \u00e0 renforcer la prise en charge de la tuberculose chez l\u2019enfant, qui est un profil vuln\u00e9rable \u00e0 cette maladie ainsi que la prise en charge de la tuberculose latente, a-t-elle indiqu\u00e9.<\/p>\n<p>\u00ab\u00a0Pour \u00e9radiquer cette maladie infectieuse, nous sommes appel\u00e9s \u00e0 ne pas se contenter de traiter les malades qui viennent aux h\u00f4pitaux, mais \u00e0 chercher aupr\u00e8s de leurs contacts et de leur entourage, pour leur fournir un traitement pr\u00e9ventif et ainsi parvenir \u00e0 \u00e9liminer ce r\u00e9servoir et \u00e9radiquer cette maladie infectieuse conform\u00e9ment aux Objectifs du d\u00e9veloppement durable (ODD) \u00e0 l\u2019horizon 2030\u00a0\u00bb, a-t-elle ajout\u00e9.<\/p>\n<p>Dans une d\u00e9claration similaire, Dr. Redouane Hajji, responsable r\u00e9gional du programme de lutte contre la tuberculose, a relev\u00e9 que cette formation b\u00e9n\u00e9ficie \u00e0 16 m\u00e9decins de la Direction r\u00e9gionale de la Sant\u00e9 et de la protection sociale de Marrakech-Safi, 7 m\u00e9decins de la Direction r\u00e9gionale de la Sant\u00e9 et de la protection sociale de B\u00e9ni Mellal-Kh\u00e9nifra, en plus de 3 m\u00e9decins des services de sant\u00e9 des Forces Arm\u00e9es Royales (FAR) \u00e0 Marrakech.<\/p>\n<p>Concernant la situation \u00e9pid\u00e9miologique de la tuberculose au niveau de Marrakech-Safi, il a indiqu\u00e9 que cette r\u00e9gion a enregistr\u00e9 en 2021, quelque 2.427 cas, dont 52% dans la pr\u00e9fecture de Marrakech et la province de Safi, ajoutant que gr\u00e2ce au PNLAT, le Maroc a r\u00e9ussi \u00e0 r\u00e9duire l\u2019incidence de la maladie de 65 \u00e0 50 cas pour 100.000 habitants.<\/p>\n<p>Cet atelier comportait des pr\u00e9sentations en sessions pl\u00e9ni\u00e8res, des discussions, des exercices de simulation de cas cliniques et des \u00e9valuations par un quiz: pr\u00e9 et post-test (QCM).<\/p>\n<p>The post <a rel=\"nofollow\" href=\"https:\/\/www.mapmarrakech.ma\/fr\/formation-en-matiere-de-prevention-et-de-prise-en-charge-de-la-tuberculose\/\">Formation en mati\u00e8re de pr\u00e9vention et de prise en charge de la tuberculose<\/a> appeared first on <a rel=\"nofollow\" href=\"https:\/\/www.mapmarrakech.ma\/fr\">MapMarrakech<\/a>.<\/p>\n<\/div>\n<p>Auteur: Meriem IGASS<br \/>\n<a href=\"https:\/\/www.mapmarrakech.ma\/fr\/formation-en-matiere-de-prevention-et-de-prise-en-charge-de-la-tuberculose\/\">Cliquez ici pour lire l&rsquo;article depuis sa source.<\/a><\/p>\n","protected":false},"excerpt":{"rendered":"<p>Organis\u00e9e par la Direction r\u00e9gionale de la Sant\u00e9 et de la protection sociale de Marrakech-Safi en partenariat avec le Programme d\u2019appui du Fonds mondial de lutte contre le Sida, la tuberculose et le paludisme, cette formation visait \u00e0 mettre \u00e0 niveau les connaissances du personnel de la sant\u00e9 dans le domaine de lutte contre la [&hellip;]<\/p>\n","protected":false},"author":1788,"featured_media":0,"comment_status":"closed","ping_status":"closed","sticky":false,"template":"","format":"standard","meta":{"fifu_image_url":"https:\/\/www.mapmarrakech.ma\/map\/uploads\/2022\/05\/formation-copier-1.jpg","fifu_image_alt":"Formation en mati\u00e8re de pr\u00e9vention et de prise en charge de la tuberculose","footnotes":""},"categories":[54,76],"tags":[],"class_list":["post-148228","post","type-post","status-publish","format-standard","hentry","category-maroc","category-regions"],"_links":{"self":[{"href":"https:\/\/linitiative.ca\/International\/wp-json\/wp\/v2\/posts\/148228","targetHints":{"allow":["GET"]}}],"collection":[{"href":"https:\/\/linitiative.ca\/International\/wp-json\/wp\/v2\/posts"}],"about":[{"href":"https:\/\/linitiative.ca\/International\/wp-json\/wp\/v2\/types\/post"}],"author":[{"embeddable":true,"href":"https:\/\/linitiative.ca\/International\/wp-json\/wp\/v2\/users\/1788"}],"replies":[{"embeddable":true,"href":"https:\/\/linitiative.ca\/International\/wp-json\/wp\/v2\/comments?post=148228"}],"version-history":[{"count":0,"href":"https:\/\/linitiative.ca\/International\/wp-json\/wp\/v2\/posts\/148228\/revisions"}],"wp:attachment":[{"href":"https:\/\/linitiative.ca\/International\/wp-json\/wp\/v2\/media?parent=148228"}],"wp:term":[{"taxonomy":"category","embeddable":true,"href":"https:\/\/linitiative.ca\/International\/wp-json\/wp\/v2\/categories?post=148228"},{"taxonomy":"post_tag","embeddable":true,"href":"https:\/\/linitiative.ca\/International\/wp-json\/wp\/v2\/tags?post=148228"}],"curies":[{"name":"wp","href":"https:\/\/api.w.org\/{rel}","templated":true}]}}