{"id":148230,"date":"2022-05-21T09:47:16","date_gmt":"2022-05-21T13:47:16","guid":{"rendered":"https:\/\/linitiative.ca\/International\/le-cpdh-tient-sa-premiere-reunion-au-titre-de-2022\/"},"modified":"2022-05-21T09:47:16","modified_gmt":"2022-05-21T13:47:16","slug":"le-cpdh-tient-sa-premiere-reunion-au-titre-de-2022","status":"publish","type":"post","link":"https:\/\/linitiative.ca\/International\/le-cpdh-tient-sa-premiere-reunion-au-titre-de-2022\/","title":{"rendered":"Le CPDH tient sa premi\u00e8re r\u00e9union au titre de 2022"},"content":{"rendered":"<div>\n<div style=\"margin-bottom:20px;\"><img loading=\"lazy\" decoding=\"async\" width=\"750\" height=\"430\" src=\"https:\/\/linitiative.ca\/International\/wp-content\/uploads\/sites\/23\/2022\/05\/Chichaoua-CPDH.jpg\" class=\"attachment-post-thumbnail size-post-thumbnail wp-post-image\" alt=\"\" srcset=\"https:\/\/linitiative.ca\/International\/wp-content\/uploads\/sites\/23\/2022\/05\/Chichaoua-CPDH.jpg 750w, https:\/\/www.mapmarrakech.ma\/map\/uploads\/2022\/05\/Chichaoua-CPDH-300x172.jpg 300w\" sizes=\"auto, (max-width: 750px) 100vw, 750px\"><\/div>\n<p>Organis\u00e9e sous le signe \u00ab\u00a0la phase 3, une approche renouvel\u00e9e pour l\u2019inclusion des jeunes\u00a0\u00bb, cette rencontre visait \u00e0 mettre en exergue la contribution de l\u2019INDH dans le domaine de l\u2019inclusion \u00e9conomique des jeunes, ainsi que les mesures prises au niveau provincial pour acc\u00e9l\u00e9rer la dynamique d\u2019appui des jeunes et le r\u00f4le jou\u00e9 par ce chantier Royal pour la convergence des interventions des diff\u00e9rents acteurs des secteurs public et priv\u00e9, ainsi que la soci\u00e9t\u00e9 civile au profit de l\u2019inclusion \u00e9conomique des jeunes.<\/p>\n<p>Pr\u00e9sid\u00e9e par le Secr\u00e9taire g\u00e9n\u00e9ral de la province de Chichaoua, en pr\u00e9sence notamment des membres du CPDH, les comit\u00e9s locaux de d\u00e9veloppement humain, les membres du comit\u00e9 provincial de d\u00e9veloppement \u00e9conomique, en plus des \u00e9lus, de repr\u00e9sentants du Centre r\u00e9gional d\u2019investissement (CRI), de la CGEM, de la soci\u00e9t\u00e9 civile et des chefs des services ext\u00e9rieurs, cette rencontre a \u00e9t\u00e9 marqu\u00e9e par la pr\u00e9sentation et l\u2019approbation du plan d\u2019action 2022 relatif \u00e0 l\u2019accompagnement des personnes en situation de pr\u00e9carit\u00e9 (phase I) ainsi que l\u2019approbation du plan d\u2019action 2022 relatif au programme \u00ab\u00a0Impulsion du capital humain des g\u00e9n\u00e9rations montantes\u00a0\u00bb (Phase I).<\/p>\n<p>A cette occasion, le chef de la Division d\u2019action sociale (DAS) de la province de Chichaoua, M. Salem Loudini, a indiqu\u00e9 que pr\u00e8s de 345 porteurs de projets ont b\u00e9n\u00e9fici\u00e9 de soutien technique pr\u00e9-cr\u00e9ation, alors que 75 projets ont profit\u00e9 de soutien technique et financier post-cr\u00e9ation, ce qui a permis la cr\u00e9ation de 125 postes d\u2019emploi pour une valeur globale de 11,5 millions de DH.<\/p>\n<p>Ces projets ont concern\u00e9 des domaines vari\u00e9s, tels que l\u2019artisanat, l\u2019agriculture, les services, le commerce \u00e9lectronique, le tourisme et l\u2019industrie, a-t-il ajout\u00e9.<\/p>\n<p>Depuis son lancement en 2005 par Sa Majest\u00e9 le Roi Mohammed VI, l\u2019INDH a b\u00e9n\u00e9fici\u00e9 \u00e0 des millions de Marocains leur permettant de mieux tirer profit de leur potentiel. Ce chantier de R\u00e8gne a \u00e9volu\u00e9 depuis son lancement pour contribuer au progr\u00e8s socio-\u00e9conomique du Royaume.<\/p>\n<p>La phase III de l\u2019INDH, lanc\u00e9e en septembre 2018, est venue pour capitaliser sur ses acquis et recentrer ses programmes notamment sur le d\u00e9veloppement du capital humain et la promotion de la condition des g\u00e9n\u00e9rations montantes.<\/p>\n<p>Cette phase porte sur plusieurs axes \u00e0 savoir \u00ab\u00a0le rattrapage des d\u00e9ficits en infrastructures et services sociaux de base\u00a0\u00bb, \u00ab\u00a0l\u2019accompagnement des personnes en situation de pr\u00e9carit\u00e9\u00a0\u00bb, \u00ab\u00a0l\u2019am\u00e9lioration du revenu et inclusion \u00e9conomique des jeunes\u00a0\u00bb et \u00ab\u00a0l\u2019impulsion du capital humain des g\u00e9n\u00e9rations montantes\u00a0\u00bb.<\/p>\n<p>The post <a rel=\"nofollow\" href=\"https:\/\/www.mapmarrakech.ma\/fr\/le-cpdh-tient-sa-premiere-reunion-au-titre-de-2022\/\">Le CPDH tient sa premi\u00e8re r\u00e9union au titre de 2022<\/a> appeared first on <a rel=\"nofollow\" href=\"https:\/\/www.mapmarrakech.ma\/fr\">MapMarrakech<\/a>.<\/p>\n<\/div>\n<p>Auteur: Meriem IGASS<br \/>\n<a href=\"https:\/\/www.mapmarrakech.ma\/fr\/le-cpdh-tient-sa-premiere-reunion-au-titre-de-2022\/\">Cliquez ici pour lire l&rsquo;article depuis sa source.<\/a><\/p>\n","protected":false},"excerpt":{"rendered":"<p>Organis\u00e9e sous le signe \u00ab\u00a0la phase 3, une approche renouvel\u00e9e pour l\u2019inclusion des jeunes\u00a0\u00bb, cette rencontre visait \u00e0 mettre en exergue la contribution de l\u2019INDH dans le domaine de l\u2019inclusion \u00e9conomique des jeunes, ainsi que les mesures prises au niveau provincial pour acc\u00e9l\u00e9rer la dynamique d\u2019appui des jeunes et le r\u00f4le jou\u00e9 par ce chantier [&hellip;]<\/p>\n","protected":false},"author":1788,"featured_media":0,"comment_status":"closed","ping_status":"closed","sticky":false,"template":"","format":"standard","meta":{"fifu_image_url":"https:\/\/www.mapmarrakech.ma\/map\/uploads\/2022\/05\/Chichaoua-CPDH.jpg","fifu_image_alt":"Le CPDH tient sa premi\u00e8re r\u00e9union au titre de 2022","footnotes":""},"categories":[54,76],"tags":[],"class_list":["post-148230","post","type-post","status-publish","format-standard","hentry","category-maroc","category-regions"],"_links":{"self":[{"href":"https:\/\/linitiative.ca\/International\/wp-json\/wp\/v2\/posts\/148230","targetHints":{"allow":["GET"]}}],"collection":[{"href":"https:\/\/linitiative.ca\/International\/wp-json\/wp\/v2\/posts"}],"about":[{"href":"https:\/\/linitiative.ca\/International\/wp-json\/wp\/v2\/types\/post"}],"author":[{"embeddable":true,"href":"https:\/\/linitiative.ca\/International\/wp-json\/wp\/v2\/users\/1788"}],"replies":[{"embeddable":true,"href":"https:\/\/linitiative.ca\/International\/wp-json\/wp\/v2\/comments?post=148230"}],"version-history":[{"count":0,"href":"https:\/\/linitiative.ca\/International\/wp-json\/wp\/v2\/posts\/148230\/revisions"}],"wp:attachment":[{"href":"https:\/\/linitiative.ca\/International\/wp-json\/wp\/v2\/media?parent=148230"}],"wp:term":[{"taxonomy":"category","embeddable":true,"href":"https:\/\/linitiative.ca\/International\/wp-json\/wp\/v2\/categories?post=148230"},{"taxonomy":"post_tag","embeddable":true,"href":"https:\/\/linitiative.ca\/International\/wp-json\/wp\/v2\/tags?post=148230"}],"curies":[{"name":"wp","href":"https:\/\/api.w.org\/{rel}","templated":true}]}}