{"id":148232,"date":"2022-05-21T11:18:15","date_gmt":"2022-05-21T15:18:15","guid":{"rendered":"https:\/\/linitiative.ca\/International\/le-maroc-recolte-les-fruits-dune-experience-institutionnelle-des-rois-alaouites\/"},"modified":"2022-05-21T11:18:15","modified_gmt":"2022-05-21T15:18:15","slug":"le-maroc-recolte-les-fruits-dune-experience-institutionnelle-des-rois-alaouites","status":"publish","type":"post","link":"https:\/\/linitiative.ca\/International\/le-maroc-recolte-les-fruits-dune-experience-institutionnelle-des-rois-alaouites\/","title":{"rendered":"Le Maroc r\u00e9colte les fruits d\u2019une exp\u00e9rience institutionnelle des Rois Alaouites"},"content":{"rendered":"<div>\n<div style=\"margin-bottom:20px;\"><img loading=\"lazy\" decoding=\"async\" width=\"750\" height=\"430\" src=\"https:\/\/linitiative.ca\/International\/wp-content\/uploads\/sites\/23\/2022\/05\/bensaid.jpg\" class=\"attachment-post-thumbnail size-post-thumbnail wp-post-image\" alt=\"\" srcset=\"https:\/\/linitiative.ca\/International\/wp-content\/uploads\/sites\/23\/2022\/05\/bensaid.jpg 750w, https:\/\/www.mapmarrakech.ma\/map\/uploads\/2022\/05\/bensaid-300x172.jpg 300w\" sizes=\"auto, (max-width: 750px) 100vw, 750px\"><\/div>\n<p>\u00ab\u00a0Les r\u00e9alisations impressionnantes accomplies par le Maroc, sous la conduite \u00e9clair\u00e9e de SM le Roi Mohammed VI, ne sont qu\u2019un prolongement des accomplissements des Sultans qui se sont succ\u00e9d\u00e9 \u00e0 travers les \u00e9poques, en particulier sous le r\u00e8gne de la Dynastie Alaouite\u00a0\u00bb, a relev\u00e9 M. Bensaid dans une allocution lue en son nom par le Secr\u00e9taire g\u00e9n\u00e9ral du d\u00e9partement de la Communication, M. Mustapha Timi, lors des travaux de la 3\u00e8me \u00e9dition du colloque national de Moulay Ali Cherif, tenue les 20 et 20 mai sous le th\u00e8me \u00ab\u00a0Le mouvement intellectuel au d\u00e9but de Dynastie Alaouite : \u00e9veil culturel et consolidation de l\u2019identit\u00e9 marocaine\u00a0\u00bb.<\/p>\n<p>Le ministre a, dans ce sens, indiqu\u00e9 que \u00ab\u00a0si les livres d\u2019histoire relatent des \u00e9v\u00e8nements qui mettent en lumi\u00e8re les r\u00e9alisations impressionnantes du Royaume, c\u2019est gr\u00e2ce \u00e0 de grands hommes qui ont servi la Nation, et qui se sont int\u00e9ress\u00e9s \u00e0 tous les domaines, notamment les sciences islamiques et modernes, durant leurs \u00e9poques, et ils \u00e9taient les premiers \u00e0 miser sur la science et la pens\u00e9e pour r\u00e9aliser le progr\u00e8s et la prosp\u00e9rit\u00e9\u00a0\u00bb.<\/p>\n<p>Et de souligner que de cette rencontre constitue une opportunit\u00e9 pour \u00e9riger les ponts entre chercheurs et universitaires, ce qui contribuera \u00e0 ouvrir les horizons de recherche, afin d\u2019aborder des sujets d\u2019une grande importance pour la pr\u00e9servation de la m\u00e9moire collective et la promotion de l\u2019action culturelle.<\/p>\n<p>De son c\u00f4t\u00e9, le pr\u00e9sident de la Fondation Moulay Ali Cherif, Moulay Salama Alaoui, a relev\u00e9 que \u00ab\u00a0le d\u00e9veloppement est une approche strat\u00e9gique que nous devons promouvoir dans toutes ses manifestations, dans le cadre d\u2019un mod\u00e8le renouvel\u00e9 et int\u00e9gr\u00e9\u00a0\u00bb, exprimant sa conviction que l\u2019action conjointe bas\u00e9e sur une compr\u00e9hension sinc\u00e8re et un attachement in\u00e9branlable \u00e0 la particularit\u00e9 marocaine, \u00ab\u00a0renforce et motive ls composantes de la Nation \u00e0 faire des sacrifices et \u00e0 \u0153uvrer pour un d\u00e9veloppement global \u00e0 tous les niveaux\u00a0\u00bb.<\/p>\n<p>M. Alaoui a fait remarquer que l\u2019\u00e9tude de l\u2019histoire de la Dynastie Alaouite \u00ab\u00a0ne se pas fait seulement selon l\u2019approche classique en tant qu\u2019une narration des faits, mais \u00e9galement \u00e0 travers une extrapolation de l\u2019histoire en tant que science qui fait partie des sciences sociales\u00a0\u00bb.<\/p>\n<p>Pour sa part, le repr\u00e9sentant de l\u2019Organisation du Monde Islamique pour l\u2019\u00c9ducation, les Sciences et la Culture (ICESCO), M. Saber Ahmed, a soulign\u00e9 que l\u2019accumulation des exp\u00e9riences, de connaissances et de savoir-faire, sous le r\u00e8gne des Sultans des Rois de la Dynastie Alaouite, a permis au Maroc d\u2019occuper une place de choix dans le monde islamique sur les plans intellectuel, philosophique, artistique et litt\u00e9raire.<\/p>\n<p>Ceci se refl\u00e8te, a-t-il indiqu\u00e9, par la pr\u00e9sence de la cr\u00e9ativit\u00e9 marocaine dans la pens\u00e9e et dans divers \u00e9v\u00e9nements internationaux avec une touche sp\u00e9ciale, empreinte de la diversit\u00e9 culturelle et civilisationnelle, gr\u00e2ce aux diff\u00e9rents affluents qui fusionnent au sein de la culture marocaine (africain, amazighe, andalou et arabe), qui ont permis au Maroc d\u2019\u00eatre un espace d\u2019acculturation, de dialogue et de coexistence des cultures \u00e0 travers le monde.<\/p>\n<p>De son c\u00f4t\u00e9, le pr\u00e9sident de l\u2019Universit\u00e9 Cadi Ayyad (UCA), Moulay El Hassan Ahbid, a indiqu\u00e9 que cette \u00e8re intellectuelle, qui \u00ab\u00a0a marqu\u00e9 une \u00e9poque glorieuse de notre histoire, a constitu\u00e9 un \u00e9veil culturel qui a ancr\u00e9 chez les Marocains leur identit\u00e9\u00a0\u00bb, soulignant que des Sultans, des savants et des intellectuels ont \u00e9t\u00e9 \u00e0 l\u2019origine de cet \u00e9veil, qui fait du Maroc une destination de choix pour les mordus des sciences des arts et de la litt\u00e9rature.<\/p>\n<p>Les autres interventions ont soulign\u00e9 que la dimension nationaliste r\u00e9alis\u00e9e \u00e0 l\u2019\u00e9poque de la Dynastie Alaouite a contribu\u00e9 \u00e0 l\u2019\u00e9tablissement de la s\u00e9curit\u00e9 et de la prosp\u00e9rit\u00e9, ce qui a stimul\u00e9 la recherche scientifique, manifest\u00e9 \u00e0 travers un \u00e9veil intellectuel qu\u2019a connu le Maroc moderne, dans les diff\u00e9rents domaines du savoir et des sciences.<\/p>\n<p>A l\u2019issue de la s\u00e9ance d\u2019ouverture, une convention-cadre de partenariat a \u00e9t\u00e9 sign\u00e9e entre la Fondation Moulay Ali Cherif et l\u2019Acad\u00e9mie R\u00e9gionale d\u2019\u00c9ducation et de Formation de la r\u00e9gion Marrakech-Safi (AREF-MS).<\/p>\n<p>A cet \u00e9gard, le Directeur de l\u2019AREF-MS, M. Ahmed Karimi, a relev\u00e9 que cette convention concerne le domaine \u00e9ducatif, notamment le domaine d\u2019intervention de la Fondation Moulay Ali Cherif d\u2019un point de vue intellectuel et scientifique, ajoutant qu\u2019elle s\u2019int\u00e9resse \u00e0 l\u2019histoire et \u00e0 la civilisation du Maroc, ce qui fait connaitre aux jeunes la gloire de la Dynastie Alaouite et leur riche histoire, afin de renforcer et de consolider l\u2019identit\u00e9 nationale des g\u00e9n\u00e9rations montantes.<\/p>\n<p>En marge de la c\u00e9r\u00e9monie d\u2019ouverture de ce conclave de deux jours, il a \u00e9t\u00e9 proc\u00e9d\u00e9 \u00e0 l\u2019inauguration d\u2019une exposition de photos des Sultans et des Rois de la Dynastie alaouite.<\/p>\n<p>Organis\u00e9 \u00e0 l\u2019initiative de la Fondation Moulay Ali Sharif, en partenariat avec le minist\u00e8re de la Jeunesse, de la Culture et de la Communication, l\u2019Universit\u00e9 Cadi Ayyad, et la Facult\u00e9 des Lettres et des Sciences Humaines de Marrakech, ce colloque a pour objectif de mettre en relief les divers contextes qui ont contribu\u00e9 \u00e0 concr\u00e9tiser les r\u00e9alisations intellectuelles au Maroc du 11 e et du 12 e si\u00e8cles de l\u2019H\u00e9gire, ainsi que les biographies scientifiques et culturelles, en particulier les savants, les Sultans et les Rois de la Dynastie Alaouite.<\/p>\n<p>The post <a rel=\"nofollow\" href=\"https:\/\/www.mapmarrakech.ma\/fr\/le-maroc-recolte-les-fruits-dune-riche-experience-institutionnelle-des-rois-alaouites\/\">Le Maroc r\u00e9colte les fruits d\u2019une exp\u00e9rience institutionnelle des Rois Alaouites<\/a> appeared first on <a rel=\"nofollow\" href=\"https:\/\/www.mapmarrakech.ma\/fr\">MapMarrakech<\/a>.<\/p>\n<\/div>\n<p>Auteur: Meriem IGASS<br \/>\n<a href=\"https:\/\/www.mapmarrakech.ma\/fr\/le-maroc-recolte-les-fruits-dune-riche-experience-institutionnelle-des-rois-alaouites\/\">Cliquez ici pour lire l&rsquo;article depuis sa source.<\/a><\/p>\n","protected":false},"excerpt":{"rendered":"<p>\u00ab\u00a0Les r\u00e9alisations impressionnantes accomplies par le Maroc, sous la conduite \u00e9clair\u00e9e de SM le Roi Mohammed VI, ne sont qu\u2019un prolongement des accomplissements des Sultans qui se sont succ\u00e9d\u00e9 \u00e0 travers les \u00e9poques, en particulier sous le r\u00e8gne de la Dynastie Alaouite\u00a0\u00bb, a relev\u00e9 M. Bensaid dans une allocution lue en son nom par le [&hellip;]<\/p>\n","protected":false},"author":1788,"featured_media":0,"comment_status":"closed","ping_status":"closed","sticky":false,"template":"","format":"standard","meta":{"fifu_image_url":"https:\/\/www.mapmarrakech.ma\/map\/uploads\/2022\/05\/bensaid.jpg","fifu_image_alt":"Le Maroc r\u00e9colte les fruits d\u2019une exp\u00e9rience institutionnelle des Rois Alaouites","footnotes":""},"categories":[54,76],"tags":[],"class_list":["post-148232","post","type-post","status-publish","format-standard","hentry","category-maroc","category-regions"],"_links":{"self":[{"href":"https:\/\/linitiative.ca\/International\/wp-json\/wp\/v2\/posts\/148232","targetHints":{"allow":["GET"]}}],"collection":[{"href":"https:\/\/linitiative.ca\/International\/wp-json\/wp\/v2\/posts"}],"about":[{"href":"https:\/\/linitiative.ca\/International\/wp-json\/wp\/v2\/types\/post"}],"author":[{"embeddable":true,"href":"https:\/\/linitiative.ca\/International\/wp-json\/wp\/v2\/users\/1788"}],"replies":[{"embeddable":true,"href":"https:\/\/linitiative.ca\/International\/wp-json\/wp\/v2\/comments?post=148232"}],"version-history":[{"count":0,"href":"https:\/\/linitiative.ca\/International\/wp-json\/wp\/v2\/posts\/148232\/revisions"}],"wp:attachment":[{"href":"https:\/\/linitiative.ca\/International\/wp-json\/wp\/v2\/media?parent=148232"}],"wp:term":[{"taxonomy":"category","embeddable":true,"href":"https:\/\/linitiative.ca\/International\/wp-json\/wp\/v2\/categories?post=148232"},{"taxonomy":"post_tag","embeddable":true,"href":"https:\/\/linitiative.ca\/International\/wp-json\/wp\/v2\/tags?post=148232"}],"curies":[{"name":"wp","href":"https:\/\/api.w.org\/{rel}","templated":true}]}}