{"id":148237,"date":"2022-05-21T04:05:54","date_gmt":"2022-05-21T08:05:54","guid":{"rendered":"https:\/\/linitiative.ca\/International\/lelysee-devoile-la-composition-du-nouveau-gouvernement\/"},"modified":"2022-05-21T04:05:54","modified_gmt":"2022-05-21T08:05:54","slug":"lelysee-devoile-la-composition-du-nouveau-gouvernement","status":"publish","type":"post","link":"https:\/\/linitiative.ca\/International\/lelysee-devoile-la-composition-du-nouveau-gouvernement\/","title":{"rendered":"L\u2019Elys\u00e9e d\u00e9voile la composition du nouveau gouvernement"},"content":{"rendered":"<div>\n<div class=\"field field-name-body field-type-text-with-summary field-label-hidden\">\n<div class=\"field-items\">\n<div class=\"field-item even\" property=\"content:encoded\">\n<p class=\"rtejustify\">L\u2019Elys\u00e9e a annonc\u00e9, vendredi, la composition du nouveau gouvernement quatre jours apr\u00e8s que le chef de l\u2019Etat Emmanuel Macron a nomm\u00e9 Elisabeth Borne comme premi\u00e8re ministre.<\/p>\n<p>La nouvelle \u00e9quipe, qui comprend 13 femmes et 14 hommes, a \u00e9t\u00e9 d\u00e9voil\u00e9e par le secr\u00e9taire g\u00e9n\u00e9ral de l\u2019Elys\u00e9e, Alexis Kohler, pr\u00e8s d\u2019un mois apr\u00e8s la r\u00e9\u00e9lection d\u2019Emmanuel Macron pour un second mandat.<\/p>\n<\/div>\n<\/div>\n<\/div>\n<\/div>\n<p>Auteur: mbasraoui<br \/>\n<a href=\"https:\/\/www.leconomiste.com\/flash-infos\/l-elysee-devoile-la-composition-du-nouveau-gouvernement\">Cliquez ici pour lire l&rsquo;article depuis sa source.<\/a><\/p>\n","protected":false},"excerpt":{"rendered":"<p>L\u2019Elys\u00e9e a annonc\u00e9, vendredi, la composition du nouveau gouvernement quatre jours apr\u00e8s que le chef de l\u2019Etat Emmanuel Macron a nomm\u00e9 Elisabeth Borne comme premi\u00e8re ministre. La nouvelle \u00e9quipe, qui comprend 13 femmes et 14 hommes, a \u00e9t\u00e9 d\u00e9voil\u00e9e par le secr\u00e9taire g\u00e9n\u00e9ral de l\u2019Elys\u00e9e, Alexis Kohler, pr\u00e8s d\u2019un mois apr\u00e8s la r\u00e9\u00e9lection d\u2019Emmanuel Macron [&hellip;]<\/p>\n","protected":false},"author":1763,"featured_media":0,"comment_status":"closed","ping_status":"closed","sticky":false,"template":"","format":"standard","meta":{"fifu_image_url":"","fifu_image_alt":"","footnotes":""},"categories":[78,54],"tags":[],"class_list":["post-148237","post","type-post","status-publish","format-standard","hentry","category-economie","category-maroc"],"_links":{"self":[{"href":"https:\/\/linitiative.ca\/International\/wp-json\/wp\/v2\/posts\/148237","targetHints":{"allow":["GET"]}}],"collection":[{"href":"https:\/\/linitiative.ca\/International\/wp-json\/wp\/v2\/posts"}],"about":[{"href":"https:\/\/linitiative.ca\/International\/wp-json\/wp\/v2\/types\/post"}],"author":[{"embeddable":true,"href":"https:\/\/linitiative.ca\/International\/wp-json\/wp\/v2\/users\/1763"}],"replies":[{"embeddable":true,"href":"https:\/\/linitiative.ca\/International\/wp-json\/wp\/v2\/comments?post=148237"}],"version-history":[{"count":0,"href":"https:\/\/linitiative.ca\/International\/wp-json\/wp\/v2\/posts\/148237\/revisions"}],"wp:attachment":[{"href":"https:\/\/linitiative.ca\/International\/wp-json\/wp\/v2\/media?parent=148237"}],"wp:term":[{"taxonomy":"category","embeddable":true,"href":"https:\/\/linitiative.ca\/International\/wp-json\/wp\/v2\/categories?post=148237"},{"taxonomy":"post_tag","embeddable":true,"href":"https:\/\/linitiative.ca\/International\/wp-json\/wp\/v2\/tags?post=148237"}],"curies":[{"name":"wp","href":"https:\/\/api.w.org\/{rel}","templated":true}]}}