{"id":148239,"date":"2022-05-21T04:28:27","date_gmt":"2022-05-21T08:28:27","guid":{"rendered":"https:\/\/linitiative.ca\/International\/variole-du-singe-doit-on-sinquieter\/"},"modified":"2022-05-21T04:28:27","modified_gmt":"2022-05-21T08:28:27","slug":"variole-du-singe-doit-on-sinquieter","status":"publish","type":"post","link":"https:\/\/linitiative.ca\/International\/variole-du-singe-doit-on-sinquieter\/","title":{"rendered":"Variole du singe: doit-on s&rsquo;inqui\u00e9ter?"},"content":{"rendered":"<div>\n<div class=\"field field-name-body field-type-text-with-summary field-label-hidden\">\n<div class=\"field-items\">\n<div class=\"field-item even\" property=\"content:encoded\">\n<p class=\"rtejustify\">La d\u00e9couverte de cas de la variole du singe (Monkeypox), en Europe et en Am\u00e9rique du Nord, \u00ab\u00a0<u><strong>n&rsquo;est pas pour le moment encore inqui\u00e9tante ni pour le Maroc ni pour les autres pays<\/strong><\/u>\u00ab\u00a0, a assur\u00e9 le chercheur en politiques et syst\u00e8mes de sant\u00e9, Dr Tayeb Himdi.<\/p>\n<\/div>\n<\/div>\n<\/div>\n<\/div>\n<p>Auteur: mbasraoui<br \/>\n<a href=\"https:\/\/www.leconomiste.com\/flash-infos\/variole-du-signe-doit-s-inquieter\">Cliquez ici pour lire l&rsquo;article depuis sa source.<\/a><\/p>\n","protected":false},"excerpt":{"rendered":"<p>La d\u00e9couverte de cas de la variole du singe (Monkeypox), en Europe et en Am\u00e9rique du Nord, \u00ab\u00a0n&rsquo;est pas pour le moment encore inqui\u00e9tante ni pour le Maroc ni pour les autres pays\u00ab\u00a0, a assur\u00e9 le chercheur en politiques et syst\u00e8mes de sant\u00e9, Dr Tayeb Himdi. Auteur: mbasraoui Cliquez ici pour lire l&rsquo;article depuis sa [&hellip;]<\/p>\n","protected":false},"author":1763,"featured_media":0,"comment_status":"closed","ping_status":"closed","sticky":false,"template":"","format":"standard","meta":{"fifu_image_url":"","fifu_image_alt":"","footnotes":""},"categories":[78,54],"tags":[],"class_list":["post-148239","post","type-post","status-publish","format-standard","hentry","category-economie","category-maroc"],"_links":{"self":[{"href":"https:\/\/linitiative.ca\/International\/wp-json\/wp\/v2\/posts\/148239","targetHints":{"allow":["GET"]}}],"collection":[{"href":"https:\/\/linitiative.ca\/International\/wp-json\/wp\/v2\/posts"}],"about":[{"href":"https:\/\/linitiative.ca\/International\/wp-json\/wp\/v2\/types\/post"}],"author":[{"embeddable":true,"href":"https:\/\/linitiative.ca\/International\/wp-json\/wp\/v2\/users\/1763"}],"replies":[{"embeddable":true,"href":"https:\/\/linitiative.ca\/International\/wp-json\/wp\/v2\/comments?post=148239"}],"version-history":[{"count":0,"href":"https:\/\/linitiative.ca\/International\/wp-json\/wp\/v2\/posts\/148239\/revisions"}],"wp:attachment":[{"href":"https:\/\/linitiative.ca\/International\/wp-json\/wp\/v2\/media?parent=148239"}],"wp:term":[{"taxonomy":"category","embeddable":true,"href":"https:\/\/linitiative.ca\/International\/wp-json\/wp\/v2\/categories?post=148239"},{"taxonomy":"post_tag","embeddable":true,"href":"https:\/\/linitiative.ca\/International\/wp-json\/wp\/v2\/tags?post=148239"}],"curies":[{"name":"wp","href":"https:\/\/api.w.org\/{rel}","templated":true}]}}