{"id":148240,"date":"2022-05-21T09:14:14","date_gmt":"2022-05-21T13:14:14","guid":{"rendered":"https:\/\/linitiative.ca\/International\/intelaka-reunion-du-comite-de-pilotage\/"},"modified":"2022-05-21T09:14:14","modified_gmt":"2022-05-21T13:14:14","slug":"intelaka-reunion-du-comite-de-pilotage","status":"publish","type":"post","link":"https:\/\/linitiative.ca\/International\/intelaka-reunion-du-comite-de-pilotage\/","title":{"rendered":"Intelaka: R\u00e9union du Comit\u00e9 de pilotage"},"content":{"rendered":"<div>\n<div class=\"field field-name-body field-type-text-with-summary field-label-hidden\">\n<div class=\"field-items\">\n<div class=\"field-item even\" property=\"content:encoded\">\n<p class=\"rtejustify\">Le Comit\u00e9 de pilotage du Fonds d\u2019appui au financement de l\u2019entrepreneuriat (FAFE), support de financement du Programme int\u00e9gr\u00e9 d\u2019appui et de financement de l\u2019entrepreneuriat \u00ab\u00a0Intelaka\u00a0\u00bb, s\u2019est r\u00e9uni, vendredi \u00e0 Rabat, sous la pr\u00e9sidence de la ministre de l\u2019Economie et des Finances, Nadia Fettah Alaoui.<\/p>\n<\/div>\n<\/div>\n<\/div>\n<\/div>\n<p>Auteur: mbasraoui<br \/>\n<a href=\"https:\/\/www.leconomiste.com\/flash-infos\/intelaka-reunion-du-comite-de-pilotage\">Cliquez ici pour lire l&rsquo;article depuis sa source.<\/a><\/p>\n","protected":false},"excerpt":{"rendered":"<p>Le Comit\u00e9 de pilotage du Fonds d\u2019appui au financement de l\u2019entrepreneuriat (FAFE), support de financement du Programme int\u00e9gr\u00e9 d\u2019appui et de financement de l\u2019entrepreneuriat \u00ab\u00a0Intelaka\u00a0\u00bb, s\u2019est r\u00e9uni, vendredi \u00e0 Rabat, sous la pr\u00e9sidence de la ministre de l\u2019Economie et des Finances, Nadia Fettah Alaoui. Auteur: mbasraoui Cliquez ici pour lire l&rsquo;article depuis sa source.<\/p>\n","protected":false},"author":1763,"featured_media":0,"comment_status":"closed","ping_status":"closed","sticky":false,"template":"","format":"standard","meta":{"fifu_image_url":"","fifu_image_alt":"","footnotes":""},"categories":[78,54],"tags":[],"class_list":["post-148240","post","type-post","status-publish","format-standard","hentry","category-economie","category-maroc"],"_links":{"self":[{"href":"https:\/\/linitiative.ca\/International\/wp-json\/wp\/v2\/posts\/148240","targetHints":{"allow":["GET"]}}],"collection":[{"href":"https:\/\/linitiative.ca\/International\/wp-json\/wp\/v2\/posts"}],"about":[{"href":"https:\/\/linitiative.ca\/International\/wp-json\/wp\/v2\/types\/post"}],"author":[{"embeddable":true,"href":"https:\/\/linitiative.ca\/International\/wp-json\/wp\/v2\/users\/1763"}],"replies":[{"embeddable":true,"href":"https:\/\/linitiative.ca\/International\/wp-json\/wp\/v2\/comments?post=148240"}],"version-history":[{"count":0,"href":"https:\/\/linitiative.ca\/International\/wp-json\/wp\/v2\/posts\/148240\/revisions"}],"wp:attachment":[{"href":"https:\/\/linitiative.ca\/International\/wp-json\/wp\/v2\/media?parent=148240"}],"wp:term":[{"taxonomy":"category","embeddable":true,"href":"https:\/\/linitiative.ca\/International\/wp-json\/wp\/v2\/categories?post=148240"},{"taxonomy":"post_tag","embeddable":true,"href":"https:\/\/linitiative.ca\/International\/wp-json\/wp\/v2\/tags?post=148240"}],"curies":[{"name":"wp","href":"https:\/\/api.w.org\/{rel}","templated":true}]}}