{"id":148253,"date":"2022-05-21T09:45:57","date_gmt":"2022-05-21T13:45:57","guid":{"rendered":"https:\/\/linitiative.ca\/International\/un-specialiste-espagnol-de-la-transformation-digitale-arrive-au-maroc\/"},"modified":"2022-05-21T09:45:57","modified_gmt":"2022-05-21T13:45:57","slug":"un-specialiste-espagnol-de-la-transformation-digitale-arrive-au-maroc","status":"publish","type":"post","link":"https:\/\/linitiative.ca\/International\/un-specialiste-espagnol-de-la-transformation-digitale-arrive-au-maroc\/","title":{"rendered":"Un sp\u00e9cialiste espagnol de la transformation digitale arrive au Maroc"},"content":{"rendered":"<div><img decoding=\"async\" width=\"1200\" height=\"711\" src=\"https:\/\/linitiative.ca\/International\/wp-content\/uploads\/sites\/23\/2022\/05\/tonyolivo.jpg\" class=\"attachment-post-thumbnail size-post-thumbnail wp-post-image\" alt=\"\" loading=\"lazy\" srcset=\"https:\/\/linitiative.ca\/International\/wp-content\/uploads\/sites\/23\/2022\/05\/tonyolivo.jpg 1200w, https:\/\/www.challenge.ma\/wp-content\/uploads\/2022\/05\/tonyolivo-300x178.jpg 300w, https:\/\/www.challenge.ma\/wp-content\/uploads\/2022\/05\/tonyolivo-1024x607.jpg 1024w, https:\/\/www.challenge.ma\/wp-content\/uploads\/2022\/05\/tonyolivo-768x455.jpg 768w, https:\/\/www.challenge.ma\/wp-content\/uploads\/2022\/05\/tonyolivo-360x213.jpg 360w, https:\/\/www.challenge.ma\/wp-content\/uploads\/2022\/05\/tonyolivo-750x444.jpg 750w\" sizes=\"auto, (max-width: 1200px) 100vw, 1200px\" itemprop=\"image\">L\u2019espagnol BABEL Sistemas de Informaci\u00f3n d\u00e9barque au Maroc. En effet, ce groupe sp\u00e9cialis\u00e9 dans l\u2019ing\u00e9nierie informatique vient d\u2019ouvrir un bureau \u00e0 Casablanca. Celui-ci sera d\u00e9di\u00e9 dans un premier temps exclusivement au lancement de sa solution OutSystems, une plate-forme low-code n\u00b01 pour le d\u00e9veloppement rapide d\u2019applications. Lire aussi | L\u2019Universit\u00e9 Mohammed<\/div>\n<p>Auteur: Adama Sylla<br \/>\n<a href=\"https:\/\/www.challenge.ma\/un-specialiste-espagnol-de-la-transformation-digitale-arrive-au-maroc-238576\/\">Cliquez ici pour lire l&rsquo;article depuis sa source.<\/a><\/p>\n","protected":false},"excerpt":{"rendered":"<p>L\u2019espagnol BABEL Sistemas de Informaci\u00f3n d\u00e9barque au Maroc. En effet, ce groupe sp\u00e9cialis\u00e9 dans l\u2019ing\u00e9nierie informatique vient d\u2019ouvrir un bureau \u00e0 Casablanca. Celui-ci sera d\u00e9di\u00e9 dans un premier temps exclusivement au lancement de sa solution OutSystems, une plate-forme low-code n\u00b01 pour le d\u00e9veloppement rapide d\u2019applications. Lire aussi | L\u2019Universit\u00e9 Mohammed Auteur: Adama Sylla Cliquez ici [&hellip;]<\/p>\n","protected":false},"author":1787,"featured_media":0,"comment_status":"closed","ping_status":"closed","sticky":false,"template":"","format":"standard","meta":{"fifu_image_url":"https:\/\/www.challenge.ma\/wp-content\/uploads\/2022\/05\/tonyolivo.jpg","fifu_image_alt":"Un sp\u00e9cialiste espagnol de la transformation digitale arrive au Maroc","footnotes":""},"categories":[78,54],"tags":[],"class_list":["post-148253","post","type-post","status-publish","format-standard","hentry","category-economie","category-maroc"],"_links":{"self":[{"href":"https:\/\/linitiative.ca\/International\/wp-json\/wp\/v2\/posts\/148253","targetHints":{"allow":["GET"]}}],"collection":[{"href":"https:\/\/linitiative.ca\/International\/wp-json\/wp\/v2\/posts"}],"about":[{"href":"https:\/\/linitiative.ca\/International\/wp-json\/wp\/v2\/types\/post"}],"author":[{"embeddable":true,"href":"https:\/\/linitiative.ca\/International\/wp-json\/wp\/v2\/users\/1787"}],"replies":[{"embeddable":true,"href":"https:\/\/linitiative.ca\/International\/wp-json\/wp\/v2\/comments?post=148253"}],"version-history":[{"count":0,"href":"https:\/\/linitiative.ca\/International\/wp-json\/wp\/v2\/posts\/148253\/revisions"}],"wp:attachment":[{"href":"https:\/\/linitiative.ca\/International\/wp-json\/wp\/v2\/media?parent=148253"}],"wp:term":[{"taxonomy":"category","embeddable":true,"href":"https:\/\/linitiative.ca\/International\/wp-json\/wp\/v2\/categories?post=148253"},{"taxonomy":"post_tag","embeddable":true,"href":"https:\/\/linitiative.ca\/International\/wp-json\/wp\/v2\/tags?post=148253"}],"curies":[{"name":"wp","href":"https:\/\/api.w.org\/{rel}","templated":true}]}}