{"id":148256,"date":"2022-05-21T16:36:36","date_gmt":"2022-05-21T20:36:36","guid":{"rendered":"https:\/\/linitiative.ca\/International\/tunisie-ennahdha-annonce-sa-position-sur-la-commission-nationale-consultative\/"},"modified":"2022-05-21T16:36:36","modified_gmt":"2022-05-21T20:36:36","slug":"tunisie-ennahdha-annonce-sa-position-sur-la-commission-nationale-consultative","status":"publish","type":"post","link":"https:\/\/linitiative.ca\/International\/tunisie-ennahdha-annonce-sa-position-sur-la-commission-nationale-consultative\/","title":{"rendered":"Tunisie : Ennahdha annonce sa position sur la Commission nationale consultative"},"content":{"rendered":"<div>\n<p>Le mouvement Ennahdha a comment\u00e9 dans un communiqu\u00e9 publi\u00e9 sur sa page ce samedi 21 mai 2022, la publication du d\u00e9cret portant cr\u00e9ation de la soi-disant Commission consultative nationale, qui supervisera le \u00ab\u00a0simulacre de r\u00e9f\u00e9rendum par lequel le coup d\u2019\u00c9tat cherche \u00e0 poursuivre ses crimes en d\u00e9mantelant l\u2019\u00c9tat et ses institutions et en les rempla\u00e7ant [\u2026]<\/p>\n<p>L\u2019article <a href=\"https:\/\/www.tunisienumerique.com\/tunisie-ennahdha-annonce-sa-position-sur-la-commission-nationale-consultative\/\">Tunisie : Ennahdha annonce sa position sur la Commission nationale consultative<\/a> est apparu en premier sur <a href=\"https:\/\/www.tunisienumerique.com\/\">Tunisie<\/a>.<\/p>\n<\/div>\n<p>Auteur: rania ben slimane<br \/>\n<a href=\"https:\/\/www.tunisienumerique.com\/tunisie-ennahdha-annonce-sa-position-sur-la-commission-nationale-consultative\/\">Cliquez ici pour lire l&rsquo;article depuis sa source.<\/a><\/p>\n","protected":false},"excerpt":{"rendered":"<p>Le mouvement Ennahdha a comment\u00e9 dans un communiqu\u00e9 publi\u00e9 sur sa page ce samedi 21 mai 2022, la publication du d\u00e9cret portant cr\u00e9ation de la soi-disant Commission consultative nationale, qui supervisera le \u00ab\u00a0simulacre de r\u00e9f\u00e9rendum par lequel le coup d\u2019\u00c9tat cherche \u00e0 poursuivre ses crimes en d\u00e9mantelant l\u2019\u00c9tat et ses institutions et en les rempla\u00e7ant [&hellip;]<\/p>\n","protected":false},"author":1789,"featured_media":0,"comment_status":"closed","ping_status":"closed","sticky":false,"template":"","format":"standard","meta":{"fifu_image_url":"","fifu_image_alt":"","footnotes":""},"categories":[73,55],"tags":[],"class_list":["post-148256","post","type-post","status-publish","format-standard","hentry","category-actualite","category-tunisie"],"_links":{"self":[{"href":"https:\/\/linitiative.ca\/International\/wp-json\/wp\/v2\/posts\/148256","targetHints":{"allow":["GET"]}}],"collection":[{"href":"https:\/\/linitiative.ca\/International\/wp-json\/wp\/v2\/posts"}],"about":[{"href":"https:\/\/linitiative.ca\/International\/wp-json\/wp\/v2\/types\/post"}],"author":[{"embeddable":true,"href":"https:\/\/linitiative.ca\/International\/wp-json\/wp\/v2\/users\/1789"}],"replies":[{"embeddable":true,"href":"https:\/\/linitiative.ca\/International\/wp-json\/wp\/v2\/comments?post=148256"}],"version-history":[{"count":0,"href":"https:\/\/linitiative.ca\/International\/wp-json\/wp\/v2\/posts\/148256\/revisions"}],"wp:attachment":[{"href":"https:\/\/linitiative.ca\/International\/wp-json\/wp\/v2\/media?parent=148256"}],"wp:term":[{"taxonomy":"category","embeddable":true,"href":"https:\/\/linitiative.ca\/International\/wp-json\/wp\/v2\/categories?post=148256"},{"taxonomy":"post_tag","embeddable":true,"href":"https:\/\/linitiative.ca\/International\/wp-json\/wp\/v2\/tags?post=148256"}],"curies":[{"name":"wp","href":"https:\/\/api.w.org\/{rel}","templated":true}]}}