{"id":148258,"date":"2022-05-21T17:09:47","date_gmt":"2022-05-21T21:09:47","guid":{"rendered":"https:\/\/linitiative.ca\/International\/tunisie-abid-briki-de-quel-dialogue-parle-t-on-sans-la-participation-des-partis-et-des-organisations\/"},"modified":"2022-05-21T17:09:47","modified_gmt":"2022-05-21T21:09:47","slug":"tunisie-abid-briki-de-quel-dialogue-parle-t-on-sans-la-participation-des-partis-et-des-organisations","status":"publish","type":"post","link":"https:\/\/linitiative.ca\/International\/tunisie-abid-briki-de-quel-dialogue-parle-t-on-sans-la-participation-des-partis-et-des-organisations\/","title":{"rendered":"Tunisie-Abid Briki : \u00ab De quel dialogue parle-t-on sans la participation des partis et des organisations ? \u00bb"},"content":{"rendered":"<div>\n<p>Le secr\u00e9taire g\u00e9n\u00e9ral du Mouvement \u00ab\u00a0La Tunisie en avant\u00a0\u00bb, Abid Briki a appel\u00e9 le pr\u00e9sident de la R\u00e9publique, Kais Saied, \u00e0 reconsid\u00e9rer et \u00e0 r\u00e9viser le d\u00e9cret n\u00b030 de l\u2019ann\u00e9e 2022 publi\u00e9 hier, vendredi, relatif \u00e0 la commission nationale consultative pour une nouvelle r\u00e9publique, et ce pour \u00a0\u00abouvrir la voie participative \u00e0 la construction d\u2019une [\u2026]<\/p>\n<p>L\u2019article <a href=\"https:\/\/www.tunisienumerique.com\/tunisie-abid-briki-de-quel-dialogue-parle-t-on-sans-la-participation-des-partis-et-des-organisations\/\">Tunisie-Abid Briki : \u00ab De quel dialogue parle-t-on sans la participation des partis et des organisations ? \u00bb<\/a> est apparu en premier sur <a href=\"https:\/\/www.tunisienumerique.com\/\">Tunisie<\/a>.<\/p>\n<\/div>\n<p>Auteur: rania ben slimane<br \/>\n<a href=\"https:\/\/www.tunisienumerique.com\/tunisie-abid-briki-de-quel-dialogue-parle-t-on-sans-la-participation-des-partis-et-des-organisations\/\">Cliquez ici pour lire l&rsquo;article depuis sa source.<\/a><\/p>\n","protected":false},"excerpt":{"rendered":"<p>Le secr\u00e9taire g\u00e9n\u00e9ral du Mouvement \u00ab\u00a0La Tunisie en avant\u00a0\u00bb, Abid Briki a appel\u00e9 le pr\u00e9sident de la R\u00e9publique, Kais Saied, \u00e0 reconsid\u00e9rer et \u00e0 r\u00e9viser le d\u00e9cret n\u00b030 de l\u2019ann\u00e9e 2022 publi\u00e9 hier, vendredi, relatif \u00e0 la commission nationale consultative pour une nouvelle r\u00e9publique, et ce pour \u00a0\u00abouvrir la voie participative \u00e0 la construction d\u2019une [&hellip;]<\/p>\n","protected":false},"author":1789,"featured_media":0,"comment_status":"closed","ping_status":"closed","sticky":false,"template":"","format":"standard","meta":{"fifu_image_url":"","fifu_image_alt":"","footnotes":""},"categories":[73,55],"tags":[],"class_list":["post-148258","post","type-post","status-publish","format-standard","hentry","category-actualite","category-tunisie"],"_links":{"self":[{"href":"https:\/\/linitiative.ca\/International\/wp-json\/wp\/v2\/posts\/148258","targetHints":{"allow":["GET"]}}],"collection":[{"href":"https:\/\/linitiative.ca\/International\/wp-json\/wp\/v2\/posts"}],"about":[{"href":"https:\/\/linitiative.ca\/International\/wp-json\/wp\/v2\/types\/post"}],"author":[{"embeddable":true,"href":"https:\/\/linitiative.ca\/International\/wp-json\/wp\/v2\/users\/1789"}],"replies":[{"embeddable":true,"href":"https:\/\/linitiative.ca\/International\/wp-json\/wp\/v2\/comments?post=148258"}],"version-history":[{"count":0,"href":"https:\/\/linitiative.ca\/International\/wp-json\/wp\/v2\/posts\/148258\/revisions"}],"wp:attachment":[{"href":"https:\/\/linitiative.ca\/International\/wp-json\/wp\/v2\/media?parent=148258"}],"wp:term":[{"taxonomy":"category","embeddable":true,"href":"https:\/\/linitiative.ca\/International\/wp-json\/wp\/v2\/categories?post=148258"},{"taxonomy":"post_tag","embeddable":true,"href":"https:\/\/linitiative.ca\/International\/wp-json\/wp\/v2\/tags?post=148258"}],"curies":[{"name":"wp","href":"https:\/\/api.w.org\/{rel}","templated":true}]}}