{"id":148260,"date":"2022-05-21T08:17:55","date_gmt":"2022-05-21T12:17:55","guid":{"rendered":"https:\/\/linitiative.ca\/International\/burkina-faso-royaume-darabie-saoudite-passer-dune-cooperation-parfaite-a-exceptionnelle\/"},"modified":"2022-05-21T08:17:55","modified_gmt":"2022-05-21T12:17:55","slug":"burkina-faso-royaume-darabie-saoudite-passer-dune-cooperation-parfaite-a-exceptionnelle","status":"publish","type":"post","link":"https:\/\/linitiative.ca\/International\/burkina-faso-royaume-darabie-saoudite-passer-dune-cooperation-parfaite-a-exceptionnelle\/","title":{"rendered":"Burkina Faso-Royaume d\u2019Arabie Saoudite: Passer d\u2019une coop\u00e9ration parfaite \u00e0 exceptionnelle"},"content":{"rendered":"<div>\n<p><strong>Le premier ministre Albert Ou\u00e9draogo a re\u00e7u en audience l\u2019ambassadeur du royaume d\u2019Arabie Saoudite dans l\u2019apr\u00e8s midi du jeudi 19 mai 2022 \u00e0 Ouagadougou.<\/strong><\/p>\n<p>La relation de coop\u00e9ration entre le royaume d\u2019Arabie Saoudite et le Burkina Faso est ancienne et bonne. Toutefois l\u2019ambassadeur d\u2019Arabie Saoudite au Burkina Fahad A. Aldosari souhaite la renforcer davantage. C\u2019est ce dont il est venu \u00e9changer avec le premier ministre Albert Ou\u00e9draogo dans l\u2019apr\u00e8s midi du jeudi 19 mai 2022 au cours d\u2019une audience qui lui a \u00e9t\u00e9 accord\u00e9e.<\/p>\n<p>Une rencontre qui a \u00e9galement permis aux deux personnalit\u00e9s de passer en revue les domaines de coop\u00e9ration entre leurs pays. A cet effet, le diplomate saoudien a not\u00e9 que dans le domaine de la d\u00e9fense, son pays annonc\u00e9 un soutien de 200 millions d\u2019euros au G5 Sahel. Il a indiqu\u00e9 \u00e9galement que l\u2019Etat saoudien met en \u0153uvre un \u00ab\u00a0grand\u00a0\u00bb projet au profit des Personnes d\u00e9plac\u00e9s internes (PDI).<\/p>\n<p><img decoding=\"async\" data-attachment-id=\"49760\" data-permalink=\"https:\/\/www.sidwaya.info\/blog\/2022\/05\/21\/burkina-faso-royaume-darabie-saoudite-passer-dune-cooperation-parfaite-a-exceptionnelle\/pm-18\/\" data-orig-file=\"https:\/\/linitiative.ca\/International\/wp-content\/uploads\/sites\/23\/2022\/05\/pm.jpeg\" data-orig-size=\"900,572\" data-comments-opened=\"1\" data-image-meta='{\"aperture\":\"0\",\"credit\":\"\",\"camera\":\"\",\"caption\":\"\",\"created_timestamp\":\"0\",\"copyright\":\"\",\"focal_length\":\"0\",\"iso\":\"0\",\"shutter_speed\":\"0\",\"title\":\"\",\"orientation\":\"1\"}' data-image-title=\"pm\" data-image-description=\"\" data-image-caption=\"\" data-medium-file=\"https:\/\/www.sidwaya.info\/wp-content\/uploads\/2022\/05\/pm-300x191.jpeg\" data-large-file=\"https:\/\/linitiative.ca\/International\/wp-content\/uploads\/sites\/23\/2022\/05\/pm.jpeg\" loading=\"lazy\" class=\"alignnone wp-image-49760 size-full\" src=\"https:\/\/linitiative.ca\/International\/wp-content\/uploads\/sites\/23\/2022\/05\/pm.jpeg\" alt=\"\" width=\"900\" height=\"572\" srcset=\"https:\/\/linitiative.ca\/International\/wp-content\/uploads\/sites\/23\/2022\/05\/pm.jpeg 900w, https:\/\/www.sidwaya.info\/wp-content\/uploads\/2022\/05\/pm-300x191.jpeg 300w, https:\/\/www.sidwaya.info\/wp-content\/uploads\/2022\/05\/pm-768x488.jpeg 768w, https:\/\/www.sidwaya.info\/wp-content\/uploads\/2022\/05\/pm-150x95.jpeg 150w, https:\/\/www.sidwaya.info\/wp-content\/uploads\/2022\/05\/pm-696x442.jpeg 696w, https:\/\/www.sidwaya.info\/wp-content\/uploads\/2022\/05\/pm-661x420.jpeg 661w\" sizes=\"auto, (max-width: 900px) 100vw, 900px\">Tout en se r\u00e9jouissant de l\u2019\u00e9tat de la coop\u00e9ration entre les deux pays, Fahad A. Aldosari a souhait\u00e9 qu\u2019elle passe de l\u2019\u00e9tat parfait \u00e0 celui exceptionnel.<\/p>\n<p>Le Hadj 2022 a \u00e9galement \u00e9t\u00e9 \u00e9voqu\u00e9 au cours de la rencontre entre le chef du gouvernement burkinab\u00e8 et l\u2019ambassadeur d\u2019Arabie Saoudite. A ce propos, le diplomate a fait savoir qu\u2019un quota de 3600 participants est r\u00e9serv\u00e9 au \u00ab\u00a0pays des Hommes int\u00e8gres\u00a0\u00bb. Il a rappel\u00e9 par ailleurs que le visa pour l\u2019Arabie Saoudite est gratuit mais les frais li\u00e9s au voyage rel\u00e8vent des agences burkinab\u00e8.<\/p>\n<p><strong>Nad\u00e8ge YAMEOGO<\/strong><\/p>\n<\/div>\n<p>Auteur: BS. Sidwaya<br \/>\n<a href=\"https:\/\/www.sidwaya.info\/blog\/2022\/05\/21\/burkina-faso-royaume-darabie-saoudite-passer-dune-cooperation-parfaite-a-exceptionnelle\/\">Cliquez ici pour lire l&rsquo;article depuis sa source.<\/a><\/p>\n","protected":false},"excerpt":{"rendered":"<p>Le premier ministre Albert Ou\u00e9draogo a re\u00e7u en audience l\u2019ambassadeur du royaume d\u2019Arabie Saoudite dans l\u2019apr\u00e8s midi du jeudi 19 mai 2022 \u00e0 Ouagadougou. La relation de coop\u00e9ration entre le royaume d\u2019Arabie Saoudite et le Burkina Faso est ancienne et bonne. Toutefois l\u2019ambassadeur d\u2019Arabie Saoudite au Burkina Fahad A. Aldosari souhaite la renforcer davantage. C\u2019est [&hellip;]<\/p>\n","protected":false},"author":1816,"featured_media":0,"comment_status":"closed","ping_status":"closed","sticky":false,"template":"","format":"standard","meta":{"fifu_image_url":"https:\/\/www.sidwaya.info\/wp-content\/uploads\/2022\/05\/pm.jpeg","fifu_image_alt":"Burkina Faso-Royaume d\u2019Arabie Saoudite: Passer d\u2019une coop\u00e9ration parfaite \u00e0 exceptionnelle","footnotes":""},"categories":[73,81],"tags":[],"class_list":["post-148260","post","type-post","status-publish","format-standard","hentry","category-actualite","category-burkina-faso"],"_links":{"self":[{"href":"https:\/\/linitiative.ca\/International\/wp-json\/wp\/v2\/posts\/148260","targetHints":{"allow":["GET"]}}],"collection":[{"href":"https:\/\/linitiative.ca\/International\/wp-json\/wp\/v2\/posts"}],"about":[{"href":"https:\/\/linitiative.ca\/International\/wp-json\/wp\/v2\/types\/post"}],"author":[{"embeddable":true,"href":"https:\/\/linitiative.ca\/International\/wp-json\/wp\/v2\/users\/1816"}],"replies":[{"embeddable":true,"href":"https:\/\/linitiative.ca\/International\/wp-json\/wp\/v2\/comments?post=148260"}],"version-history":[{"count":0,"href":"https:\/\/linitiative.ca\/International\/wp-json\/wp\/v2\/posts\/148260\/revisions"}],"wp:attachment":[{"href":"https:\/\/linitiative.ca\/International\/wp-json\/wp\/v2\/media?parent=148260"}],"wp:term":[{"taxonomy":"category","embeddable":true,"href":"https:\/\/linitiative.ca\/International\/wp-json\/wp\/v2\/categories?post=148260"},{"taxonomy":"post_tag","embeddable":true,"href":"https:\/\/linitiative.ca\/International\/wp-json\/wp\/v2\/tags?post=148260"}],"curies":[{"name":"wp","href":"https:\/\/api.w.org\/{rel}","templated":true}]}}