{"id":148262,"date":"2022-05-21T08:44:26","date_gmt":"2022-05-21T12:44:26","guid":{"rendered":"https:\/\/linitiative.ca\/International\/bourzanga-30-terroristes-abattus-et-5-militaires-tombes-dans-une-attaque-communique\/"},"modified":"2022-05-21T08:44:26","modified_gmt":"2022-05-21T12:44:26","slug":"bourzanga-30-terroristes-abattus-et-5-militaires-tombes-dans-une-attaque-communique","status":"publish","type":"post","link":"https:\/\/linitiative.ca\/International\/bourzanga-30-terroristes-abattus-et-5-militaires-tombes-dans-une-attaque-communique\/","title":{"rendered":"Bourzanga\u00a0: 30 terroristes abattus et 5 militaires tomb\u00e9s dans une attaque (communiqu\u00e9)"},"content":{"rendered":"<div>\n<p>Le d\u00e9tachement militaire de Bourzanga (Province du Bam, r\u00e9gion du centre- Nord) a vigoureusement ripost\u00e9 \u00e0 une attaque de sa base ce samedi 21 mai 2022. Venus en tr\u00e8s grand nombre et lourdement \u00e9quip\u00e9s, les terroristes ont d\u00fb battre en retraite face \u00e0 la puissance de feu des \u00e9l\u00e9ments du d\u00e9tachement et \u00e0 l\u2019inter\u00advention de l\u2019aviation.<\/p>\n<p>Le bilan provisoire \u00e9tabli fait \u00e9tat d\u2019au moins trente (30) terroristes abattus. En plus de l\u2019armement (individuel et collectif), des munitions, des motos (une tren\u00adtaine) et des moyens de communication r\u00e9cup\u00e9r\u00e9s, un v\u00e9hicule blind\u00e9 et des pickup arm\u00e9s, utilis\u00e9s par les terroristes pour attaquer la base ont \u00e9t\u00e9 \u00e9galement saisis.<\/p>\n<p>Dans leur d\u00e9bandade, plusieurs terroristes dont certains bless\u00e9s, se sont fondus aux populations civiles pour tenter d\u2019\u00e9chapper \u00e0 la poursuite des militaires. Les op\u00e9rations de ratissage et de s\u00e9curisation se poursuivent dans la zone.<\/p>\n<p>C\u00f4t\u00e9 ami, cinq (05) militaires ont \u00e9t\u00e9 mortellement atteints et dix (10)autres ont \u00e9t\u00e9 bless\u00e9s au cours des combats.<\/p>\n<p>Tout en rendant hommage aux soldats tomb\u00e9s, le Chef d\u2019Etat-Major G\u00e9n\u00e9ral des Arm\u00e9es souhaite un prompt r\u00e9tablissement aux bless\u00e9s. Aussi, il salue la riposte h\u00e9ro\u00efque des Hommes et les f\u00e9licite pour leur courage et leur professionnalisme. Il appelle toutes les unit\u00e9s engag\u00e9es \u00e0 rester mobilis\u00e9es autour de notre objectif commun qui est la reconqu\u00eate de l\u2019int\u00e9grit\u00e9 de notre territoire.<\/p>\n<p>La Direction de la Communication<\/p>\n<p>et des Relations Publiques des Arm\u00e9es<\/p>\n<p>Contact m\u00e9dias: (+226 ) 25419032<\/p>\n<\/div>\n<p>Auteur: BS. Sidwaya<br \/>\n<a href=\"https:\/\/www.sidwaya.info\/blog\/2022\/05\/21\/bourzanga-30-terroristes-abattus-et-5-militaires-tombes-dans-une-attaque-communique\/\">Cliquez ici pour lire l&rsquo;article depuis sa source.<\/a><\/p>\n","protected":false},"excerpt":{"rendered":"<p>Le d\u00e9tachement militaire de Bourzanga (Province du Bam, r\u00e9gion du centre- Nord) a vigoureusement ripost\u00e9 \u00e0 une attaque de sa base ce samedi 21 mai 2022. Venus en tr\u00e8s grand nombre et lourdement \u00e9quip\u00e9s, les terroristes ont d\u00fb battre en retraite face \u00e0 la puissance de feu des \u00e9l\u00e9ments du d\u00e9tachement et \u00e0 l\u2019inter\u00advention de [&hellip;]<\/p>\n","protected":false},"author":1816,"featured_media":0,"comment_status":"closed","ping_status":"closed","sticky":false,"template":"","format":"standard","meta":{"fifu_image_url":"","fifu_image_alt":"","footnotes":""},"categories":[73,81],"tags":[],"class_list":["post-148262","post","type-post","status-publish","format-standard","hentry","category-actualite","category-burkina-faso"],"_links":{"self":[{"href":"https:\/\/linitiative.ca\/International\/wp-json\/wp\/v2\/posts\/148262","targetHints":{"allow":["GET"]}}],"collection":[{"href":"https:\/\/linitiative.ca\/International\/wp-json\/wp\/v2\/posts"}],"about":[{"href":"https:\/\/linitiative.ca\/International\/wp-json\/wp\/v2\/types\/post"}],"author":[{"embeddable":true,"href":"https:\/\/linitiative.ca\/International\/wp-json\/wp\/v2\/users\/1816"}],"replies":[{"embeddable":true,"href":"https:\/\/linitiative.ca\/International\/wp-json\/wp\/v2\/comments?post=148262"}],"version-history":[{"count":0,"href":"https:\/\/linitiative.ca\/International\/wp-json\/wp\/v2\/posts\/148262\/revisions"}],"wp:attachment":[{"href":"https:\/\/linitiative.ca\/International\/wp-json\/wp\/v2\/media?parent=148262"}],"wp:term":[{"taxonomy":"category","embeddable":true,"href":"https:\/\/linitiative.ca\/International\/wp-json\/wp\/v2\/categories?post=148262"},{"taxonomy":"post_tag","embeddable":true,"href":"https:\/\/linitiative.ca\/International\/wp-json\/wp\/v2\/tags?post=148262"}],"curies":[{"name":"wp","href":"https:\/\/api.w.org\/{rel}","templated":true}]}}