{"id":148263,"date":"2022-05-20T19:18:04","date_gmt":"2022-05-20T23:18:04","guid":{"rendered":"https:\/\/linitiative.ca\/International\/coupe-de-la-caf-la-rs-berkane-sur-le-toit-de-lafrique\/"},"modified":"2022-05-20T19:18:04","modified_gmt":"2022-05-20T23:18:04","slug":"coupe-de-la-caf-la-rs-berkane-sur-le-toit-de-lafrique","status":"publish","type":"post","link":"https:\/\/linitiative.ca\/International\/coupe-de-la-caf-la-rs-berkane-sur-le-toit-de-lafrique\/","title":{"rendered":"Coupe de la CAF: La RS Berkane sur le toit de l\u2019Afrique"},"content":{"rendered":"<div>\n<p><img decoding=\"async\" width=\"780\" height=\"468\" src=\"https:\/\/linitiative.ca\/International\/wp-content\/uploads\/sites\/23\/2022\/05\/16530886844962.jpg\" class=\"attachment-post-thumbnail size-post-thumbnail wp-post-image\" alt=\"\" loading=\"lazy\" srcset=\"https:\/\/linitiative.ca\/International\/wp-content\/uploads\/sites\/23\/2022\/05\/16530886844962.jpg 780w, https:\/\/www.journalducameroun.com\/wp-content\/uploads\/2022\/05\/16530886844962-300x180.jpg 300w, https:\/\/www.journalducameroun.com\/wp-content\/uploads\/2022\/05\/16530886844962-768x461.jpg 768w, https:\/\/www.journalducameroun.com\/wp-content\/uploads\/2022\/05\/16530886844962-733x440.jpg 733w, https:\/\/www.journalducameroun.com\/wp-content\/uploads\/2022\/05\/16530886844962-600x360.jpg 600w\" sizes=\"auto, (max-width: 780px) 100vw, 780px\"><\/p>\n<p>Le club marocain de la Renaissance de Berkane a remport\u00e9 ce vendredi la Coupe de la CAF sur la pelouse du stade Godwill Akpadio de la ville nig\u00e9riane d&rsquo;Uyo en battant l&rsquo;\u00e9quipe sud-africaine d&rsquo;Orlondo Pirates, \u00e0 l&rsquo;issue de la s\u00e9ance de tirs aux buts ( 1-1 apr\u00e8s prolongations, 5 tab \u00e0 4).Les deux \u00e9quipes ont fait match nul (1-1) apr\u00e8s les prolongations. La Renaissance de Berkane avait pris l&rsquo;avantage sur p\u00e9nalty (97e) transform\u00e9 par Youssef El Fahli. Orlando Pirates a \u00e9galis\u00e9 \u00e0 la 117e minute.<\/p>\n<p>Le club orange disputait la 3-\u00e8me finale de son histoire de la Coupe de la CAF, apr\u00e8s une finale perdue en 2019 face au Zamalek et une autre remport\u00e9e en 2020 aux d\u00e9pens d&rsquo;une autre \u00e9quipe \u00e9gyptienne, Pyramids FC.<\/p>\n<p>Cet article <a rel=\"nofollow\" href=\"https:\/\/www.journalducameroun.com\/coupe-de-la-caf-la-rs-berkane-sur-le-toit-de-lafrique\/\">Coupe de la CAF: La RS Berkane sur le toit de l\u2019Afrique<\/a> est apparu en premier sur <a rel=\"nofollow\" href=\"https:\/\/www.journalducameroun.com\/\">Journal du Cameroun<\/a>.<\/p>\n<\/div>\n<p>Auteur: APA News<br \/>\n<a href=\"https:\/\/www.journalducameroun.com\/coupe-de-la-caf-la-rs-berkane-sur-le-toit-de-lafrique\/\">Cliquez ici pour lire l&rsquo;article depuis sa source.<\/a><\/p>\n","protected":false},"excerpt":{"rendered":"<p>Le club marocain de la Renaissance de Berkane a remport\u00e9 ce vendredi la Coupe de la CAF sur la pelouse du stade Godwill Akpadio de la ville nig\u00e9riane d&rsquo;Uyo en battant l&rsquo;\u00e9quipe sud-africaine d&rsquo;Orlondo Pirates, \u00e0 l&rsquo;issue de la s\u00e9ance de tirs aux buts ( 1-1 apr\u00e8s prolongations, 5 tab \u00e0 4).Les deux \u00e9quipes ont [&hellip;]<\/p>\n","protected":false},"author":1965,"featured_media":0,"comment_status":"closed","ping_status":"closed","sticky":false,"template":"","format":"standard","meta":{"fifu_image_url":"https:\/\/www.journalducameroun.com\/wp-content\/uploads\/2022\/05\/16530886844962.jpg","fifu_image_alt":"Coupe de la CAF: La RS Berkane sur le toit de l\u2019Afrique","footnotes":""},"categories":[73,82],"tags":[],"class_list":["post-148263","post","type-post","status-publish","format-standard","hentry","category-actualite","category-cameroun"],"_links":{"self":[{"href":"https:\/\/linitiative.ca\/International\/wp-json\/wp\/v2\/posts\/148263","targetHints":{"allow":["GET"]}}],"collection":[{"href":"https:\/\/linitiative.ca\/International\/wp-json\/wp\/v2\/posts"}],"about":[{"href":"https:\/\/linitiative.ca\/International\/wp-json\/wp\/v2\/types\/post"}],"author":[{"embeddable":true,"href":"https:\/\/linitiative.ca\/International\/wp-json\/wp\/v2\/users\/1965"}],"replies":[{"embeddable":true,"href":"https:\/\/linitiative.ca\/International\/wp-json\/wp\/v2\/comments?post=148263"}],"version-history":[{"count":0,"href":"https:\/\/linitiative.ca\/International\/wp-json\/wp\/v2\/posts\/148263\/revisions"}],"wp:attachment":[{"href":"https:\/\/linitiative.ca\/International\/wp-json\/wp\/v2\/media?parent=148263"}],"wp:term":[{"taxonomy":"category","embeddable":true,"href":"https:\/\/linitiative.ca\/International\/wp-json\/wp\/v2\/categories?post=148263"},{"taxonomy":"post_tag","embeddable":true,"href":"https:\/\/linitiative.ca\/International\/wp-json\/wp\/v2\/tags?post=148263"}],"curies":[{"name":"wp","href":"https:\/\/api.w.org\/{rel}","templated":true}]}}