{"id":148265,"date":"2022-05-21T04:01:39","date_gmt":"2022-05-21T08:01:39","guid":{"rendered":"https:\/\/linitiative.ca\/International\/le-cameroun-va-participer-a-lorange-summer-challenge-avec-7-autres-pays-africains\/"},"modified":"2022-05-21T04:01:39","modified_gmt":"2022-05-21T08:01:39","slug":"le-cameroun-va-participer-a-lorange-summer-challenge-avec-7-autres-pays-africains","status":"publish","type":"post","link":"https:\/\/linitiative.ca\/International\/le-cameroun-va-participer-a-lorange-summer-challenge-avec-7-autres-pays-africains\/","title":{"rendered":"Le Cameroun va participer \u00e0 l\u2019Orange Summer Challenge avec 7 autres pays africains"},"content":{"rendered":"<div>\n<p><img decoding=\"async\" width=\"2560\" height=\"1280\" src=\"https:\/\/linitiative.ca\/International\/wp-content\/uploads\/sites\/23\/2022\/05\/orange.jpg\" class=\"attachment-post-thumbnail size-post-thumbnail wp-post-image\" alt=\"\" loading=\"lazy\" srcset=\"https:\/\/linitiative.ca\/International\/wp-content\/uploads\/sites\/23\/2022\/05\/orange.jpg 2560w, https:\/\/www.journalducameroun.com\/wp-content\/uploads\/2022\/05\/orange-300x150.jpg 300w, https:\/\/www.journalducameroun.com\/wp-content\/uploads\/2022\/05\/orange-1024x512.jpg 1024w, https:\/\/www.journalducameroun.com\/wp-content\/uploads\/2022\/05\/orange-768x384.jpg 768w, https:\/\/www.journalducameroun.com\/wp-content\/uploads\/2022\/05\/orange-1536x768.jpg 1536w, https:\/\/www.journalducameroun.com\/wp-content\/uploads\/2022\/05\/orange-2048x1024.jpg 2048w, https:\/\/www.journalducameroun.com\/wp-content\/uploads\/2022\/05\/orange-880x440.jpg 880w, https:\/\/www.journalducameroun.com\/wp-content\/uploads\/2022\/05\/orange-600x300.jpg 600w\" sizes=\"auto, (max-width: 2560px) 100vw, 2560px\"><\/p>\n<h2 style=\"text-align: justify;\">Orange Summer Challenge (OSC) lance sa 12<sup>\u00e8me<\/sup> \u00e9dition pour accompagner les jeunes \u00e9tudiants \u00e0 travailler sur des projets technologiques innovants dans la th\u00e9matique Tech4Good.<\/h2>\n<p style=\"text-align: justify;\">\n<p style=\"text-align: justify;\">Orange Digital Center, Google et EY Tunisie s\u2019associent pour la premi\u00e8re fois pour mobiliser et accompagner cette ann\u00e9e les \u00e9tudiants de Tunisie, du Maroc, de la C\u00f4te d\u2019Ivoire, du S\u00e9n\u00e9gal, du Cameroun, du Mali, de la Sierra Leone et de Madagascar \u00e0 d\u00e9velopper des solutions technologiques innovantes pour relever les grands d\u00e9fis soci\u00e9taux afin de construire un monde plus durable et inclusif.<\/p>\n<p style=\"text-align: justify;\">L\u2019initiative offre le meilleur de l\u2019innovation \u00e0 travers des formations et du mentoring, assur\u00e9s \u00e0 la fois par des coaches locaux et internationaux, notamment, les experts de l\u2019\u00e9cole du code pour la partie software et du FabLab Solidaire pour la partie hardware.<\/p>\n<p style=\"text-align: justify;\">Par ailleurs, les \u00e9tudiants vont avoir acc\u00e8s, \u00e0 des formations en design thinking, soft skills, etc. pour pr\u00e9parer au mieux les \u00e9quipes \u00e0 \u00eatre pr\u00eates \u00e0 pitcher lors de la c\u00e9r\u00e9monie finale de chaque pays.<\/p>\n<p style=\"text-align: justify;\">OSC est un stage intensif de 3 mois sous forme de comp\u00e9tition qui mise avant tout sur l\u2019intelligence collective d\u2019\u00e9tudiants dou\u00e9s et des plus motiv\u00e9s, issus de sp\u00e9cialit\u00e9s acad\u00e9miques compl\u00e9mentaires (d\u00e9veloppement web et mobile, UX\/UI design, design industriel, intelligence artificielle, big data, data science et syst\u00e8mes embarqu\u00e9s) afin de concevoir des solutions technologiques innovantes \u00e0 impact.<\/p>\n<p style=\"text-align: justify;\">R\u00e9partis en \u00e9quipes, ces jeunes \u00e9tudiants concern\u00e9s devront d\u00e9fendre leurs projets lors d\u2019une grande c\u00e9r\u00e9monie locale de remise des prix face \u00e0 un public averti, compos\u00e9 entre autres de diverses parties prenantes des \u00e9cosyst\u00e8mes acad\u00e9mique, TIC, d\u2019innovation et entrepreneurial.<\/p>\n<p style=\"text-align: justify;\">\n<h2 style=\"text-align: justify;\"><\/h2>\n<p>Cet article <a rel=\"nofollow\" href=\"https:\/\/www.journalducameroun.com\/le-cameroun-va-participer-a-lorange-summer-challenge-avec-7-autres-pays-africains\/\">Le Cameroun va participer \u00e0 l\u2019Orange Summer Challenge avec 7 autres pays africains<\/a> est apparu en premier sur <a rel=\"nofollow\" href=\"https:\/\/www.journalducameroun.com\/\">Journal du Cameroun<\/a>.<\/p>\n<\/div>\n<p>Auteur: Esther FOSSI<br \/>\n<a href=\"https:\/\/www.journalducameroun.com\/le-cameroun-va-participer-a-lorange-summer-challenge-avec-7-autres-pays-africains\/\">Cliquez ici pour lire l&rsquo;article depuis sa source.<\/a><\/p>\n","protected":false},"excerpt":{"rendered":"<p>Orange Summer Challenge (OSC) lance sa 12\u00e8me \u00e9dition pour accompagner les jeunes \u00e9tudiants \u00e0 travailler sur des projets technologiques innovants dans la th\u00e9matique Tech4Good. Orange Digital Center, Google et EY Tunisie s\u2019associent pour la premi\u00e8re fois pour mobiliser et accompagner cette ann\u00e9e les \u00e9tudiants de Tunisie, du Maroc, de la C\u00f4te d\u2019Ivoire, du S\u00e9n\u00e9gal, du [&hellip;]<\/p>\n","protected":false},"author":1965,"featured_media":0,"comment_status":"closed","ping_status":"closed","sticky":false,"template":"","format":"standard","meta":{"fifu_image_url":"https:\/\/www.journalducameroun.com\/wp-content\/uploads\/2022\/05\/orange.jpg","fifu_image_alt":"Le Cameroun va participer \u00e0 l\u2019Orange Summer Challenge avec 7 autres pays africains","footnotes":""},"categories":[73,82],"tags":[],"class_list":["post-148265","post","type-post","status-publish","format-standard","hentry","category-actualite","category-cameroun"],"_links":{"self":[{"href":"https:\/\/linitiative.ca\/International\/wp-json\/wp\/v2\/posts\/148265","targetHints":{"allow":["GET"]}}],"collection":[{"href":"https:\/\/linitiative.ca\/International\/wp-json\/wp\/v2\/posts"}],"about":[{"href":"https:\/\/linitiative.ca\/International\/wp-json\/wp\/v2\/types\/post"}],"author":[{"embeddable":true,"href":"https:\/\/linitiative.ca\/International\/wp-json\/wp\/v2\/users\/1965"}],"replies":[{"embeddable":true,"href":"https:\/\/linitiative.ca\/International\/wp-json\/wp\/v2\/comments?post=148265"}],"version-history":[{"count":0,"href":"https:\/\/linitiative.ca\/International\/wp-json\/wp\/v2\/posts\/148265\/revisions"}],"wp:attachment":[{"href":"https:\/\/linitiative.ca\/International\/wp-json\/wp\/v2\/media?parent=148265"}],"wp:term":[{"taxonomy":"category","embeddable":true,"href":"https:\/\/linitiative.ca\/International\/wp-json\/wp\/v2\/categories?post=148265"},{"taxonomy":"post_tag","embeddable":true,"href":"https:\/\/linitiative.ca\/International\/wp-json\/wp\/v2\/tags?post=148265"}],"curies":[{"name":"wp","href":"https:\/\/api.w.org\/{rel}","templated":true}]}}