{"id":148269,"date":"2022-05-21T10:18:03","date_gmt":"2022-05-21T14:18:03","guid":{"rendered":"https:\/\/linitiative.ca\/International\/tribune-sahara-marocain-quesion-palestinienne-derives-er-contre-verites\/"},"modified":"2022-05-21T10:18:03","modified_gmt":"2022-05-21T14:18:03","slug":"tribune-sahara-marocain-quesion-palestinienne-derives-er-contre-verites","status":"publish","type":"post","link":"https:\/\/linitiative.ca\/International\/tribune-sahara-marocain-quesion-palestinienne-derives-er-contre-verites\/","title":{"rendered":"Tribune: \u00ab\u00a0Sahara marocain-Quesion palestinienne: d\u00e9rives er contre-v\u00e9rit\u00e9s\u00a0\u00bb"},"content":{"rendered":"<div>\n<p><img decoding=\"async\" width=\"702\" height=\"437\" src=\"https:\/\/linitiative.ca\/International\/wp-content\/uploads\/sites\/23\/2022\/05\/16531426845099.jpg\" class=\"attachment-post-thumbnail size-post-thumbnail wp-post-image\" alt=\"\" loading=\"lazy\" srcset=\"https:\/\/linitiative.ca\/International\/wp-content\/uploads\/sites\/23\/2022\/05\/16531426845099.jpg 702w, https:\/\/www.journalducameroun.com\/wp-content\/uploads\/2022\/05\/16531426845099-300x187.jpg 300w, https:\/\/www.journalducameroun.com\/wp-content\/uploads\/2022\/05\/16531426845099-600x374.jpg 600w\" sizes=\"auto, (max-width: 702px) 100vw, 702px\"><\/p>\n<p>\u00ab\u00a0Cette sortie est pour le moins \u00e9trange, inattendue et pose des questions sur ses v\u00e9ritables motivations, l&rsquo;agenda qui y a pr\u00e9sid\u00e9 et ses commanditaires\u00a0\u00bb, \u00e9crit l&rsquo;ambassade du Maroc \u00e0 Dakar dans une tribune re\u00e7ue par Apa news.Un diplomate arabe bas\u00e9 \u00e0 Dakar a commis vendredi 20 mai 2022 une sortie m\u00e9diatique malheureuse, pr\u00e9tentieuse et malencontreuse. Malheureuse car truff\u00e9e de contradictions, \u00a0de contre-v\u00e9rit\u00e9s et allant m\u00eame en porte \u2013 \u00e0-faux avec les positions officielles de sa propre hi\u00e9rarchie.\u00a0<\/p>\n<p>Commentant de mani\u00e8re tendancieuse, deux ans apr\u00e8s, et depuis Dakar, la reprise \u00a0des relations diplomatique entre le Royaume du Maroc et Isra\u00ebl, cette sortie est pour le moins \u00e9trange, inattendue et pose des questions sur ses v\u00e9ritables motivations, l&rsquo;agenda qui y a pr\u00e9sid\u00e9 et ses commanditaires. D&rsquo;ailleurs, notre fr\u00e8re n&rsquo;h\u00e9site pas \u00e0 faire allusion \u00e0 ce qu&rsquo;il a appel\u00e9 une \u00a0\u00ab grande puissance \u00bb !!!<\/p>\n<p>Au-del\u00e0 des entorses aux principes les plus \u00e9l\u00e9mentaires de retenue et de respect des Etats souverains, surtout de la part d&rsquo;un diplomate, les positions exprim\u00e9es et le langage utilis\u00e9 manquent cruellement de tact et de diplomatie tout court et rel\u00e8vent d&rsquo;une pol\u00e9mique pu\u00e9rile.<\/p>\n<p>En plus du caract\u00e8re souverain des positions marocaines, celles-ci ont \u00e9t\u00e9 suffisamment explicit\u00e9es et communiqu\u00e9es, en particulier, aux plus hautes autorit\u00e9s palestiniennes et ce, dans le cadre de consultations pr\u00e9alables, que le Diplomate en question n&rsquo;est pas cens\u00e9 ignorer ! \u00a0\u00a0<\/p>\n<p>A titre de rappel, Sa Majest\u00e9 Le Roi Mohammed VI s&rsquo;est entretenu avec le Pr\u00e9sident de l&rsquo;Etat de Palestine, SEM Mahmoud ABBAS, le 09 d\u00e9cembre 2020, pour l&rsquo;informer et \u00e9changer \u00a0avec lui au sujet de la d\u00e9marche marocaine.<\/p>\n<p>En quoi consiste-t-elle\u00a0?<\/p>\n<p>Lors de cet entretien, Sa Majest\u00e9 le Roi a r\u00e9affirm\u00e9 \u00e0 Son Excellence Mahmoud ABBAS que Sa position soutenant la cause palestinienne demeure inchang\u00e9e, position que le Souverain a h\u00e9rit\u00e9e de Son p\u00e8re feu Sa Majest\u00e9 le Roi Hassan II, que Dieu ait Son \u00e2me.<\/p>\n<p>Dans ce sens, un communiqu\u00e9 du Cabinet royal en date du 9 d\u00e9cembre 2020 a inform\u00e9 que le Souverain a soulign\u00e9 que le Maroc soutient la solution \u00e0 deux \u00c9tats et que les n\u00e9gociations entre les parties palestinienne et isra\u00e9lienne sont la seule voie pour parvenir \u00e0 une solution d\u00e9finitive, durable et globale \u00e0 ce conflit, conform\u00e9ment \u00e0 l&rsquo;initiative arabe de 2002, adopt\u00e9 lors du Sommet Arabe de Beyrouth.<\/p>\n<p>En Sa qualit\u00e9 de Pr\u00e9sident du Comit\u00e9 Al-Qods, Sa Majest\u00e9 le Roi n&rsquo;a eu de cesse d&rsquo;insister sur la n\u00e9cessit\u00e9 de pr\u00e9server le statut sp\u00e9cial de la ville d&rsquo;Al Qods Acharif.\u00a0<\/p>\n<p>Le Souverain a \u00e9galement soulign\u00e9 que le Maroc place toujours la question palestinienne au m\u00eame que rang de la question du Sahara marocain et que l&rsquo;action du Royaume pour consacrer sa marocanit\u00e9 ne se fera jamais, ni aujourd&rsquo;hui ni dans l&rsquo;avenir, au d\u00e9triment de la lutte du peuple palestinien pour ses droits l\u00e9gitimes.<\/p>\n<p>En effet, la question du Sahara marocain, n&rsquo;en d\u00e9plaise \u00e0 ce pol\u00e9miste en herbe, constitue de tout temps la priorit\u00e9 nationale absolue pour l&rsquo;ensemble du peuple marocain. Cette question dont la sacralit\u00e9 est aussi incontestable que celle de la question palestinienne dans la conscience collective du peuple marocain, mobilise et unit, \u00a0depuis l&rsquo;ind\u00e9pendance, la Nation marocaine autour de Sa Majest\u00e9 Le Roi. C&rsquo;est dire que la mani\u00e8re et le langage utilis\u00e9 pour aborder cette question dans la sortie m\u00e9diatique de notre diplomate d\u00e9note d&rsquo;une ignorance totale des r\u00e9alit\u00e9s marocaines doubl\u00e9e d&rsquo;une hostilit\u00e9 gratuite.<\/p>\n<p>Ceci dit, que cherche notre diplomate au juste ? N&rsquo;est-il justement pas en train de cr\u00e9er une c\u00e9sure l\u00e0 o\u00f9 elle n&rsquo;a jamais exist\u00e9 ? En tout cas, pour le Maroc et les Marocains, la question du \u00a0Sahara marocain et celle de Palestine sont deux causes nationales sacr\u00e9es et sur le m\u00eame pied d&rsquo;\u00e9galit\u00e9 ! \u00a0 \u00a0<\/p>\n<p>Par ailleurs, et toujours lors de cet \u00e9change avec le Pr\u00e9sident Mahmoud ABBAS, \u00a0le Souverain a not\u00e9 que le Roi du Maroc jouit d&rsquo;un statut particulier et qu&rsquo;Il a des relations distingu\u00e9es avec la communaut\u00e9 juive d&rsquo;origine marocaine, dont des centaines de milliers de juifs marocains \u00e9tablis en Isra\u00ebl. Dans ce sens, le Royaume mettra \u00e0 profit tous ses relais et ses contacts pour la d\u00e9fense des droits l\u00e9gitimes du peuple palestinien dans le cadre d&rsquo;un \u00a0engagement constructif pour parvenir \u00e0 l&rsquo;\u00e9tablissement d&rsquo;une paix juste et durable dans la r\u00e9gion du Moyen-Orient \u00bb.<\/p>\n<p>Sans vouloir nous attarder sur le contexte et les conditions de cette reprise des relations diplomatiques entre le Maroc et Isra\u00ebl, interrompues en 2002, suite \u00e0 la 2\u00e8me\u00a0intifada, \u00a0et contrairement aux assertions tendancieuses et obsessionnelles du diplomate en question, force est de souligner qu&rsquo;aucun texte officiel ne parle de cette fameuse normalisation. En effet, s&rsquo;agit d&rsquo;une reprise des relations qui a \u00e9t\u00e9 \u00e0 l&rsquo;ordre du jour depuis leur rupture.<\/p>\n<p>Il convient de rappeler que cette d\u00e9cision, avant tout souveraine, est le fruit d&rsquo;un processus de n\u00e9gociations bien ant\u00e9rieur aux accords dits d&rsquo;Abraham. L&rsquo;issue de ce processus refl\u00e8te une approche nouvelle et, soulignons-le, \u00a0sans pr\u00e9judice aucun pour la question palestinienne qui demeure au c\u0153ur des pr\u00e9occupations du peuple et de l&rsquo;action diplomatique du Royaume.<\/p>\n<p>Au-del\u00e0 des relations formelles, il ne faut point occulter le facteur humain et d\u00e9mographique qui a jou\u00e9 un r\u00f4le fondamental dans l&rsquo;aboutissement de ce processus. En effet, et comme chacun sait, plus d&rsquo;un million d&rsquo;isra\u00e9liens revendiquent leur origine marocaine et le Maroc ne les a jamais reni\u00e9s. De par la Constitution marocaine, ils sont et continueront \u00e0 \u00eatre des citoyens marocains, \u00e0 part enti\u00e8re, et donc des sujets de Sa Majest\u00e9 Le Roi. Cet attachement des juifs marocains \u00e0 leur pays d&rsquo;origine puise ses racines dans l&rsquo;histoire mill\u00e9naire du Maroc, terre de tol\u00e9rance et de coexistence qui s&rsquo;est illustr\u00e9e, notamment, par le r\u00f4le de protecteur des juifs marocains par Feu Sa Majest\u00e9 le Roi Mohamed V durant le r\u00e9gime de Vichy, souvenir toujours vivace dans la m\u00e9moire collective de nos concitoyens de confession juive qui ont \u00e9rig\u00e9 le D\u00e9funt souverain au titre de\u00a0Juste parmi les Justes.<\/p>\n<p>Ceci-dit, le Maroc n&rsquo;a jamais d\u00e9rog\u00e9 \u00e0 son devoir et \u00e0 ses obligations \u00e0 l&rsquo;\u00e9gard de la question l\u00e9gitime de la Palestine s\u0153ur comme en atteste le Message de Sa Majest\u00e9 Le Roi \u00e0 SEM Cheikh Niang, Pr\u00e9sident du comit\u00e9 des nations unies pour l&rsquo;exercice des droits inali\u00e9nables du peuple palestinien, \u00e0 l&rsquo;occasion de la journ\u00e9e internationale de solidarit\u00e9 avec le peuple palestinien, le 29 novembre 2021, soit deux ans apr\u00e8s la reprise des relations avec Isra\u00ebl\u00a0!<\/p>\n<p>Sa Majest\u00e9 Le Roi a soulign\u00e9 : \u00ab\u00a0c&rsquo;est \u00e9galement l&rsquo;occasion pour Nous de r\u00e9affirmer notre enti\u00e8re solidarit\u00e9 avec le peuple palestinien et notre total soutien \u00e0 son droit l\u00e9gitime\u00a0: l&rsquo;instauration d&rsquo;un Etat ind\u00e9pendant et viable \u2026nous soulignons que la position ferme du Maroc n&rsquo;a jamais \u00e9t\u00e9 dict\u00e9e par des circonstances et encore moins par une conjoncture particuli\u00e8re. Elle ne s&rsquo;inscrit pas non plus dans le cadre de d\u00e9bats ou des surench\u00e8res politiques st\u00e9riles\u00a0\u00bb.<\/p>\n<p>Ces assurances exprim\u00e9es par le Souverain, n&rsquo;en d\u00e9plaise \u00e0 notre diplomate, illustrent, encore une fois de plus, l&rsquo;attitude constante, loyale et respectueuse des engagements pris d&rsquo;une diplomatie ancr\u00e9e dans l&rsquo;histoire loin de tout opportunisme et de vire-voltage circonstanciel.\u00a0<\/p>\n<p>Est-il opportun de rappeler \u00e0 notre ami diplomate la reconnaissance et les hommages multiples et moult fois r\u00e9it\u00e9r\u00e9s par sa propre hi\u00e9rarchie, par la Ligue des Etats arabes, l&rsquo;organisation de la Conf\u00e9rence islamique et divers autres dirigeants et dignitaires religieux de Palestine et de par le monde \u00e0 Sa Majest\u00e9 Le Roi et au Maroc, pour sa position constante et son r\u00f4le constructif et dans la d\u00e9fense des droits l\u00e9gitimes et inali\u00e9nable du peuple palestinien et de la paix.\u00a0<\/p>\n<p>Sur le terrain, le Comit\u00e9 Al Qods et son bras financier Bayt \u00a0Mal Al Qods, engag\u00e9s dans des projets socio-\u00e9conomiques en faveur de la population et pour la pr\u00e9servation du cachet arabo-islamique de la ville Sainte, est financ\u00e9 \u00e0 plus de 80% par le Royaume \u00e0 lui seul. \u00a0<\/p>\n<p>Pour ce qui est du fameux statut d&rsquo;observateur d&rsquo;Isra\u00ebl au sein de l&rsquo;UA, c&rsquo;est \u00e0 cette derni\u00e8re et \u00e0 ses Etats membres de trancher sur cette question selon ses statuts. Le Maroc, de son c\u00f4t\u00e9, demeure coh\u00e9rent avec lui-m\u00eame, et si incoh\u00e9rence il y a, il faudrait la chercher chez certaines parties qui ne s&rsquo;assument pas. \u00a0Encore une fois, le Maroc saura tirer profit de tous les leviers ainsi que de tous les foras r\u00e9gionaux et internationaux pour d\u00e9fendre haut et fort, sans concession ni ambigu\u00eft\u00e9 aucunes, les droit l\u00e9gitimes des fr\u00e8res palestiniens et la solution de deux Etats vivant c\u00f4te \u00e0 c\u00f4te en paix et harmonie. \u00a0 \u00a0<\/p>\n<p>Cet article <a rel=\"nofollow\" href=\"https:\/\/www.journalducameroun.com\/tribune-sahara-marocain-quesion-palestinienne-derives-er-contre-verites\/\">Tribune: \u00ab\u00a0Sahara marocain-Quesion palestinienne: d\u00e9rives er contre-v\u00e9rit\u00e9s\u00a0\u00bb<\/a> est apparu en premier sur <a rel=\"nofollow\" href=\"https:\/\/www.journalducameroun.com\/\">Journal du Cameroun<\/a>.<\/p>\n<\/div>\n<p>Auteur: APA News<br \/>\n<a href=\"https:\/\/www.journalducameroun.com\/tribune-sahara-marocain-quesion-palestinienne-derives-er-contre-verites\/\">Cliquez ici pour lire l&rsquo;article depuis sa source.<\/a><\/p>\n","protected":false},"excerpt":{"rendered":"<p>\u00ab\u00a0Cette sortie est pour le moins \u00e9trange, inattendue et pose des questions sur ses v\u00e9ritables motivations, l&rsquo;agenda qui y a pr\u00e9sid\u00e9 et ses commanditaires\u00a0\u00bb, \u00e9crit l&rsquo;ambassade du Maroc \u00e0 Dakar dans une tribune re\u00e7ue par Apa news.Un diplomate arabe bas\u00e9 \u00e0 Dakar a commis vendredi 20 mai 2022 une sortie m\u00e9diatique malheureuse, pr\u00e9tentieuse et malencontreuse. [&hellip;]<\/p>\n","protected":false},"author":1965,"featured_media":0,"comment_status":"closed","ping_status":"closed","sticky":false,"template":"","format":"standard","meta":{"fifu_image_url":"https:\/\/www.journalducameroun.com\/wp-content\/uploads\/2022\/05\/16531426845099.jpg","fifu_image_alt":"Tribune: \u00ab\u00a0Sahara marocain-Quesion palestinienne: d\u00e9rives er contre-v\u00e9rit\u00e9s\u00a0\u00bb","footnotes":""},"categories":[73,82],"tags":[],"class_list":["post-148269","post","type-post","status-publish","format-standard","hentry","category-actualite","category-cameroun"],"_links":{"self":[{"href":"https:\/\/linitiative.ca\/International\/wp-json\/wp\/v2\/posts\/148269","targetHints":{"allow":["GET"]}}],"collection":[{"href":"https:\/\/linitiative.ca\/International\/wp-json\/wp\/v2\/posts"}],"about":[{"href":"https:\/\/linitiative.ca\/International\/wp-json\/wp\/v2\/types\/post"}],"author":[{"embeddable":true,"href":"https:\/\/linitiative.ca\/International\/wp-json\/wp\/v2\/users\/1965"}],"replies":[{"embeddable":true,"href":"https:\/\/linitiative.ca\/International\/wp-json\/wp\/v2\/comments?post=148269"}],"version-history":[{"count":0,"href":"https:\/\/linitiative.ca\/International\/wp-json\/wp\/v2\/posts\/148269\/revisions"}],"wp:attachment":[{"href":"https:\/\/linitiative.ca\/International\/wp-json\/wp\/v2\/media?parent=148269"}],"wp:term":[{"taxonomy":"category","embeddable":true,"href":"https:\/\/linitiative.ca\/International\/wp-json\/wp\/v2\/categories?post=148269"},{"taxonomy":"post_tag","embeddable":true,"href":"https:\/\/linitiative.ca\/International\/wp-json\/wp\/v2\/tags?post=148269"}],"curies":[{"name":"wp","href":"https:\/\/api.w.org\/{rel}","templated":true}]}}