{"id":148271,"date":"2022-05-21T18:03:19","date_gmt":"2022-05-21T22:03:19","guid":{"rendered":"https:\/\/linitiative.ca\/International\/cameroun-fecafoot-le-secretaire-general-demissionnaire-interdit-de-sortir-du-pays\/"},"modified":"2022-05-21T18:03:19","modified_gmt":"2022-05-21T22:03:19","slug":"cameroun-fecafoot-le-secretaire-general-demissionnaire-interdit-de-sortir-du-pays","status":"publish","type":"post","link":"https:\/\/linitiative.ca\/International\/cameroun-fecafoot-le-secretaire-general-demissionnaire-interdit-de-sortir-du-pays\/","title":{"rendered":"Cameroun-F\u00e9cafoot : le Secr\u00e9taire g\u00e9n\u00e9ral d\u00e9missionnaire interdit de sortir du pays"},"content":{"rendered":"<div>\n<p><img decoding=\"async\" width=\"474\" height=\"241\" src=\"https:\/\/linitiative.ca\/International\/wp-content\/uploads\/sites\/23\/2022\/05\/Benjamin-Didier-Banlock.jpg\" class=\"attachment-post-thumbnail size-post-thumbnail wp-post-image\" alt=\"\" loading=\"lazy\" srcset=\"https:\/\/linitiative.ca\/International\/wp-content\/uploads\/sites\/23\/2022\/05\/Benjamin-Didier-Banlock.jpg 474w, https:\/\/www.journalducameroun.com\/wp-content\/uploads\/2021\/12\/Benjamin-Didier-Banlock-300x153.jpg 300w\" sizes=\"auto, (max-width: 474px) 100vw, 474px\"><\/p>\n<h2 style=\"text-align: justify;\"><strong>Apr\u00e8s sa d\u00e9mission du poste de secr\u00e9taire g\u00e9n\u00e9ral de la F\u00e9d\u00e9ration camerounaise de Football (F\u00e9cafoot), Benjamin Didier Banlock est interdit de sortir du territoire d&rsquo;apr\u00e8s une note du procureur de la R\u00e9publique.<\/strong><\/h2>\n<p style=\"text-align: justify;\">Samuel Eto\u2019o, le pr\u00e9sident de la F\u00e9cafoot, est tr\u00e8s en col\u00e8re contre l\u2019ancien secr\u00e9taire g\u00e9n\u00e9ral Benjamin Didier Banlock et le fait savoir. Sur le gril depuis sa d\u00e9mission le 18 mai 2022, le secr\u00e9taire g\u00e9n\u00e9ral de la Fecafoot est interdit de quitter le sol camerounais. En effet, l\u2019ex-secr\u00e9taire g\u00e9n\u00e9ral de la Fecafoot fait actuellement l\u2019objet d\u2019une poursuite judiciaire. Une note du procureur de R\u00e9publique sign\u00e9e le 18 mai l&rsquo;interdit de sortir du pays.<\/p>\n<p style=\"text-align: justify;\">Apr\u00e8s avoir d\u00e9pos\u00e9 sa lettre de d\u00e9mission \u00e0 la F\u00e9cafoot le 18 mai dernier, l\u2019ancien secr\u00e9taire g\u00e9n\u00e9ral aurait pris avec lui les mat\u00e9riels appartenant \u00e0 ladite institution.\u00a0Son d\u00e9part officiel \u00e0 la Tour de Tsinga a \u00e9t\u00e9 \u00e0 demi-teinte, car\u00a0le lendemain de sa d\u00e9mission, un\u00a0huissier\u00a0de justice\u00a0a fait\u00a0le\u00a0constat selon lequel,\u00a0<em>\u00ab\u00a0il a laiss\u00e9 volontairement ferm\u00e9 le bureau qu\u2019il occupait jusque-l\u00e0 au si\u00e8ge de la F\u00e9cafoot, tout comme il est parti avec le v\u00e9hicule de fonctions qui lui avait \u00e9t\u00e9 remis\u00a0\u00bb.<\/em><\/p>\n<p style=\"text-align: justify;\">A l\u2019auxiliaire de justice de poursuivre,\u00a0<em>\u00ab\u00a0que cette situation est de nature \u00e0 paralyser les activit\u00e9s de la F\u00e9d\u00e9ration, il y\u2019a urgence\u00a0pour que les mat\u00e9riels de la F\u00e9cafoot qu\u2019il d\u00e9tient soient remis et qu\u2019un inventaire contradictoire du bureau qu\u2019il utilisait soit r\u00e9alis\u00e9\u00a0\u00bb.<\/em>\u00a0Par ailleurs,\u00a0Benjamin Banlock\u00a0est accus\u00e9 de mauvaise gestion financi\u00e8re et de soup\u00e7ons de magouilles dans les march\u00e9s publics. Affaire \u00e0 suivre\u2026<\/p>\n<p>Cet article <a rel=\"nofollow\" href=\"https:\/\/www.journalducameroun.com\/cameroun-fecafoot-le-secretaire-general-demissionnaire-interdit-de-sortir-du-pays\/\">Cameroun-F\u00e9cafoot : le Secr\u00e9taire g\u00e9n\u00e9ral d\u00e9missionnaire interdit de sortir du pays<\/a> est apparu en premier sur <a rel=\"nofollow\" href=\"https:\/\/www.journalducameroun.com\/\">Journal du Cameroun<\/a>.<\/p>\n<\/div>\n<p>Auteur: Emile Zola Nd\u00e9 Tchoussi<br \/>\n<a href=\"https:\/\/www.journalducameroun.com\/cameroun-fecafoot-le-secretaire-general-demissionnaire-interdit-de-sortir-du-pays\/\">Cliquez ici pour lire l&rsquo;article depuis sa source.<\/a><\/p>\n","protected":false},"excerpt":{"rendered":"<p>Apr\u00e8s sa d\u00e9mission du poste de secr\u00e9taire g\u00e9n\u00e9ral de la F\u00e9d\u00e9ration camerounaise de Football (F\u00e9cafoot), Benjamin Didier Banlock est interdit de sortir du territoire d&rsquo;apr\u00e8s une note du procureur de la R\u00e9publique. Samuel Eto\u2019o, le pr\u00e9sident de la F\u00e9cafoot, est tr\u00e8s en col\u00e8re contre l\u2019ancien secr\u00e9taire g\u00e9n\u00e9ral Benjamin Didier Banlock et le fait savoir. Sur [&hellip;]<\/p>\n","protected":false},"author":1965,"featured_media":0,"comment_status":"closed","ping_status":"closed","sticky":false,"template":"","format":"standard","meta":{"fifu_image_url":"https:\/\/www.journalducameroun.com\/wp-content\/uploads\/2021\/12\/Benjamin-Didier-Banlock.jpg","fifu_image_alt":"Cameroun-F\u00e9cafoot : le Secr\u00e9taire g\u00e9n\u00e9ral d\u00e9missionnaire interdit de sortir du pays","footnotes":""},"categories":[73,82],"tags":[],"class_list":["post-148271","post","type-post","status-publish","format-standard","hentry","category-actualite","category-cameroun"],"_links":{"self":[{"href":"https:\/\/linitiative.ca\/International\/wp-json\/wp\/v2\/posts\/148271","targetHints":{"allow":["GET"]}}],"collection":[{"href":"https:\/\/linitiative.ca\/International\/wp-json\/wp\/v2\/posts"}],"about":[{"href":"https:\/\/linitiative.ca\/International\/wp-json\/wp\/v2\/types\/post"}],"author":[{"embeddable":true,"href":"https:\/\/linitiative.ca\/International\/wp-json\/wp\/v2\/users\/1965"}],"replies":[{"embeddable":true,"href":"https:\/\/linitiative.ca\/International\/wp-json\/wp\/v2\/comments?post=148271"}],"version-history":[{"count":0,"href":"https:\/\/linitiative.ca\/International\/wp-json\/wp\/v2\/posts\/148271\/revisions"}],"wp:attachment":[{"href":"https:\/\/linitiative.ca\/International\/wp-json\/wp\/v2\/media?parent=148271"}],"wp:term":[{"taxonomy":"category","embeddable":true,"href":"https:\/\/linitiative.ca\/International\/wp-json\/wp\/v2\/categories?post=148271"},{"taxonomy":"post_tag","embeddable":true,"href":"https:\/\/linitiative.ca\/International\/wp-json\/wp\/v2\/tags?post=148271"}],"curies":[{"name":"wp","href":"https:\/\/api.w.org\/{rel}","templated":true}]}}