{"id":148273,"date":"2022-05-21T10:28:30","date_gmt":"2022-05-21T14:28:30","guid":{"rendered":"https:\/\/linitiative.ca\/International\/en-2023-les-beneficiaires-du-projet-filets-sociaux-seront-payes-par-mobile-money\/"},"modified":"2022-05-21T10:28:30","modified_gmt":"2022-05-21T14:28:30","slug":"en-2023-les-beneficiaires-du-projet-filets-sociaux-seront-payes-par-mobile-money","status":"publish","type":"post","link":"https:\/\/linitiative.ca\/International\/en-2023-les-beneficiaires-du-projet-filets-sociaux-seront-payes-par-mobile-money\/","title":{"rendered":"En 2023,\u00a0les b\u00e9n\u00e9ficiaires du projet filets sociaux seront pay\u00e9s par mobile money"},"content":{"rendered":"<div>\n<p>Le programme filets sociaux, entend entrer dans une nouvelle phase de sa mise en \u0153uvre d\u00e8s 2023. Parmi les r\u00e9volutions qui y seront apport\u00e9es figurent de nouveaux modes de financement des personnes concern\u00e9es par le projet. De fa\u00e7on plus pr\u00e9cise, il s\u2019agit ici de l\u2019inclusion du paiement \u00e9lectronique, connu sous le nom de mobile money, comme mode de paiement. Cette d\u00e9cision part d\u2019un constat simple. \u00abNous avons constat\u00e9 que le paiement cash, est tr\u00e8s lourd, alors qu\u2019avec le paiement \u00e9lectronique \u00e7a va plus rapidement lorsque vous avez votre b\u00e9n\u00e9ficiaire, il vous suffit d\u2019appuyer juste un bouton et tout le monde a son financement \u00bb, a confi\u00e9 Michel Ndjock, coordonnateur filet sociaux, aux confr\u00e8res de la Crtv.<\/p>\n<p><strong>Lire aussi : <a href=\"https:\/\/ecomatin.net\/filets-sociaux-la-banque-mondiale-octroie-93-milliards-a-plus-de-200-000-personnes-vulnerables\/\" target=\"_blank\" rel=\"noreferrer noopener\">Filets sociaux\u00a0: la Banque mondiale octroie 93 milliards \u00e0 plus de 200 000 personnes vuln\u00e9rables<\/a><\/strong><\/p>\n<p>Cette variante a fait l\u2019objet d\u2019une \u00e9valuation, le 18 mai 2022, au cours d\u2019un atelier pr\u00e9sid\u00e9 par Jean Tchoffo, pr\u00e9sident du comit\u00e9 de pilotage du projet filets sociaux, par ailleurs Secr\u00e9taire g\u00e9n\u00e9ral du minist\u00e8re de l\u2019Economie de la planification et de l\u2019am\u00e9nagement du territoire. Pour une mise en \u0153uvre optimale de ce moyen de paiement le gouvernement devra travailler \u00e0 lever certaines contraintes qui ont \u00e9t\u00e9 \u00e9voqu\u00e9es lors de cet atelier. Il s\u2019agit notamment : du manque d\u2019\u00e9lectricit\u00e9, l\u2019absence de r\u00e9seau t\u00e9l\u00e9phonique, la non possession des cartes nationales d\u2019identit\u00e9s pr\u00e9alable pour la possession d\u2019un num\u00e9ro de t\u00e9l\u00e9phone et la cr\u00e9ation d\u2019un compte mobile money ; l\u2019analphab\u00e9tisme de certaines populations entre autres.<\/p>\n<p><strong>Lire aussi : <a href=\"https:\/\/ecomatin.net\/la-banque-mondiale-va-debloquer-71-milliards-de-f-pour-le-systeme-educatif-camerounais\/\" target=\"_blank\" rel=\"noreferrer noopener\">La banque Mondiale va d\u00e9bloquer 71 milliards de F pour le syst\u00e8me \u00e9ducatif camerounais<\/a><\/strong><\/p>\n<p>Relevons que la mise en place de ce nouveau de paiement r\u00e9pond \u00ab \u00e0 ce d\u00e9fi de continuer \u00e0 am\u00e9liorer le service pour les personnes et les m\u00e9nages les plus pauvres du Cameroun \u00bb, a d\u00e9clar\u00e9 Iona Alexandra membre de la mission Banque mondiale filets sociaux qui a s\u00e9journ\u00e9 au Cameroun du 16 au 19 mai.<\/p>\n<p><strong>Nouvelle vision<\/strong><\/p>\n<p>Pour 2023, le programme filets sociaux compte avoir un nouveau look. En effet, la mission en s\u00e9jour au Cameroun, et les autorit\u00e9s camerounaises ont commenc\u00e9 \u00e0 poser les jalons d\u2019un \u00ab projet filets sociaux adaptatifs et d\u2019inclusion \u00e9conomique \u00bb. Il est donc pr\u00e9vu que d\u2019ici 2023, outre le financement via mobile money, le programme entend appuyer 2000 entrepreneurs jeunes \u00e2g\u00e9s de 18 \u00e0 35 ans, dans plusieurs domaines ; l\u2019introduction de la composante des violences bas\u00e9es sur le genre, un accroissement du nombre de b\u00e9n\u00e9ficiaires qui devrait passer \u00e0 220\u00a0000.<\/p>\n<p><strong>Lire aussi : <a href=\"https:\/\/ecomatin.net\/cameroun-fmi-negociations-serrees-autour-de-400-milliards-de-fcfa\/\" target=\"_blank\" rel=\"noreferrer noopener\">Cameroun-FMI : n\u00e9gociations serr\u00e9es autour de 400 milliards de Fcfa<\/a><\/strong><\/p>\n<p>L\u2019article <a rel=\"nofollow\" href=\"https:\/\/ecomatin.net\/en-2023-les-beneficiaires-du-projet-filets-sociaux-seront-payes-par-mobile-money\/\">En 2023,\u00a0les b\u00e9n\u00e9ficiaires du projet filets sociaux seront pay\u00e9s par mobile money<\/a> est apparu en premier sur <a rel=\"nofollow\" href=\"https:\/\/ecomatin.net\/\">EcoMatin<\/a>.<\/p>\n<\/div>\n<p>Auteur: Cindy MBALA<br \/>\n<a href=\"https:\/\/ecomatin.net\/en-2023-les-beneficiaires-du-projet-filets-sociaux-seront-payes-par-mobile-money\/\">Cliquez ici pour lire l&rsquo;article depuis sa source.<\/a><\/p>\n","protected":false},"excerpt":{"rendered":"<p>Le programme filets sociaux, entend entrer dans une nouvelle phase de sa mise en \u0153uvre d\u00e8s 2023. Parmi les r\u00e9volutions qui y seront apport\u00e9es figurent de nouveaux modes de financement des personnes concern\u00e9es par le projet. De fa\u00e7on plus pr\u00e9cise, il s\u2019agit ici de l\u2019inclusion du paiement \u00e9lectronique, connu sous le nom de mobile money, [&hellip;]<\/p>\n","protected":false},"author":1969,"featured_media":0,"comment_status":"closed","ping_status":"closed","sticky":false,"template":"","format":"standard","meta":{"fifu_image_url":"","fifu_image_alt":"","footnotes":""},"categories":[82,78],"tags":[],"class_list":["post-148273","post","type-post","status-publish","format-standard","hentry","category-cameroun","category-economie"],"_links":{"self":[{"href":"https:\/\/linitiative.ca\/International\/wp-json\/wp\/v2\/posts\/148273","targetHints":{"allow":["GET"]}}],"collection":[{"href":"https:\/\/linitiative.ca\/International\/wp-json\/wp\/v2\/posts"}],"about":[{"href":"https:\/\/linitiative.ca\/International\/wp-json\/wp\/v2\/types\/post"}],"author":[{"embeddable":true,"href":"https:\/\/linitiative.ca\/International\/wp-json\/wp\/v2\/users\/1969"}],"replies":[{"embeddable":true,"href":"https:\/\/linitiative.ca\/International\/wp-json\/wp\/v2\/comments?post=148273"}],"version-history":[{"count":0,"href":"https:\/\/linitiative.ca\/International\/wp-json\/wp\/v2\/posts\/148273\/revisions"}],"wp:attachment":[{"href":"https:\/\/linitiative.ca\/International\/wp-json\/wp\/v2\/media?parent=148273"}],"wp:term":[{"taxonomy":"category","embeddable":true,"href":"https:\/\/linitiative.ca\/International\/wp-json\/wp\/v2\/categories?post=148273"},{"taxonomy":"post_tag","embeddable":true,"href":"https:\/\/linitiative.ca\/International\/wp-json\/wp\/v2\/tags?post=148273"}],"curies":[{"name":"wp","href":"https:\/\/api.w.org\/{rel}","templated":true}]}}