{"id":148275,"date":"2022-05-21T13:12:23","date_gmt":"2022-05-21T17:12:23","guid":{"rendered":"https:\/\/linitiative.ca\/International\/lonu-habitat-et-le-feicom-sassocient-pour-lutter-contre-le-changement-climatique-a-bamenda\/"},"modified":"2022-05-21T13:12:23","modified_gmt":"2022-05-21T17:12:23","slug":"lonu-habitat-et-le-feicom-sassocient-pour-lutter-contre-le-changement-climatique-a-bamenda","status":"publish","type":"post","link":"https:\/\/linitiative.ca\/International\/lonu-habitat-et-le-feicom-sassocient-pour-lutter-contre-le-changement-climatique-a-bamenda\/","title":{"rendered":"L\u2019Onu-Habitat et le Feicom s\u2019associent pour lutter contre le changement climatique \u00e0 Bamenda"},"content":{"rendered":"<div>\n<p>Du 17 au 21 mai 2022, la ville interm\u00e9diaire du Kenya, Kisumu, a abrit\u00e9 la 9e \u00e9dition du Sommet Africities- Africit\u00e9s, sous le th\u00e8me : \u00ab le r\u00f4le des villes interm\u00e9diaires d\u2019Afrique dans la mise en \u0153uvre de l\u2019Agenda 2030 de l\u2019ONU et de l\u2019Agenda 2063 de l\u2019Union africaine \u00bb. Le Cameroun qui a particip\u00e9 \u00e0 ces travaux repr\u00e9sent\u00e9 par des organismes gouvernementaux tels que le Fonds sp\u00e9cial d\u2019\u00e9quipement et d\u2019intervention intercommunal (Feicom), les magistrats municipaux, etc. De plus, le pays disposait aussi d\u2019un stand \u2018\u2018Cameroon village\u2019\u2019.<\/p>\n<p><strong>Lire aussi : <a href=\"https:\/\/ecomatin.net\/le-feicom-debloque-135-milliards-de-fcfa-pour-46-collectivites-territoriales-decentralisees\/\" target=\"_blank\" rel=\"noreferrer noopener\">Le Feicom d\u00e9bloque 13,5 milliards de Fcfa pour 46 collectivit\u00e9s territoriales d\u00e9centralis\u00e9es<\/a><\/strong><\/p>\n<p>Ledit stand a donc accueillie le 18 mai dernier, la signature d\u2019un accord de coop\u00e9ration entre le Programme des Nations-Unies pour les \u00e9tablissements humains ONU-Habitat et le Feicom. La signature de cet accord est relative \u00e0 la mise en \u0153uvre du Projet de r\u00e9silience au changement climatique du quartier Sisia, \u00e0 Bamenda 3e. De mani\u00e8re concr\u00e8te, il est question dans le cadre de ce projet de \u00ab rendre la ville de Bamenda en g\u00e9n\u00e9ral et l\u2019organisation des communaut\u00e9s du quartier Sisia en particulier, inclusives, s\u00fbres, r\u00e9silientes et durables en am\u00e9liorant notamment la gestion des d\u00e9chets, la s\u00e9curisation des zones de captage d\u2019eau, l\u2019extension des r\u00e9seaux d\u2019eau sous conduits et leur assainissement qui contribueront \u00e0 une meilleure qualit\u00e9 de vie pour les populations les plus vuln\u00e9rables de Sisia et \u00e0 l\u2019\u00e9laboration d\u2019une strat\u00e9gie pour la r\u00e9silience urbaine et le d\u00e9veloppement d\u2019une politique urbaine nationale\u00bb, renseigne le Feicom.<\/p>\n<p><strong>Lire aussi : <a href=\"https:\/\/ecomatin.net\/139-millions-de-fcfa-du-feicom-pour-la-construction-dun-pont-a-bertoua-2eme\/\" target=\"_blank\" rel=\"noreferrer noopener\">139 millions de Fcfa du Feicom pour la construction d\u2019un pont \u00e0\u00a0Bertoua 2\u00e8me<\/a><\/strong><\/p>\n<p>La participation du Cameroun a ce sommet avait alors pour but la promotion\u00a0\u00a0du\u00a0\u00a0mod\u00e8le de d\u00e9centralisation en cours au Cameroun, ses innovations et aussi accro\u00eetre la visibilit\u00e9 des Collectivit\u00e9s territoriales camerounaises.<\/p>\n<p>Rappelons qu\u2019Africit\u00e9s est une conf\u00e9rence panafricaine organis\u00e9e par Cit\u00e9s et Gouvernements Locaux Unis d\u2019Afrique (CGLU-A) qui r\u00e9unit les dirigeants des villes et des gouvernements locaux ainsi que leurs associations pour faire progresser la d\u00e9centralisation et la gouvernance locale afin d\u2019am\u00e9liorer le niveau de vie des citoyens. Elle se tient tous les 3 ans depuis 1998.<\/p>\n<p><strong>Lire aussi : <a href=\"https:\/\/ecomatin.net\/le-feicom-debloque-65-millions-de-f-pour-r-le-developpement-de-lelevage-et-de-la-peche-dans-les-communes\/\" target=\"_blank\" rel=\"noreferrer noopener\">Le Feicom d\u00e9bloque 65 millions de F pour le d\u00e9veloppement de l\u2019\u00e9levage et de la p\u00eache dans les communes<\/a><\/strong><\/p>\n<p>L\u2019article <a rel=\"nofollow\" href=\"https:\/\/ecomatin.net\/lonu-habitat-et-le-feicom-sassocient-pour-lutter-contre-le-changement-climatique-a-bamenda\/\">L\u2019Onu-Habitat et le Feicom s\u2019associent pour lutter contre le changement climatique \u00e0 Bamenda<\/a> est apparu en premier sur <a rel=\"nofollow\" href=\"https:\/\/ecomatin.net\/\">EcoMatin<\/a>.<\/p>\n<\/div>\n<p>Auteur: Cindy MBALA<br \/>\n<a href=\"https:\/\/ecomatin.net\/lonu-habitat-et-le-feicom-sassocient-pour-lutter-contre-le-changement-climatique-a-bamenda\/\">Cliquez ici pour lire l&rsquo;article depuis sa source.<\/a><\/p>\n","protected":false},"excerpt":{"rendered":"<p>Du 17 au 21 mai 2022, la ville interm\u00e9diaire du Kenya, Kisumu, a abrit\u00e9 la 9e \u00e9dition du Sommet Africities- Africit\u00e9s, sous le th\u00e8me : \u00ab le r\u00f4le des villes interm\u00e9diaires d\u2019Afrique dans la mise en \u0153uvre de l\u2019Agenda 2030 de l\u2019ONU et de l\u2019Agenda 2063 de l\u2019Union africaine \u00bb. Le Cameroun qui a particip\u00e9 [&hellip;]<\/p>\n","protected":false},"author":1969,"featured_media":0,"comment_status":"closed","ping_status":"closed","sticky":false,"template":"","format":"standard","meta":{"fifu_image_url":"","fifu_image_alt":"","footnotes":""},"categories":[82,78],"tags":[],"class_list":["post-148275","post","type-post","status-publish","format-standard","hentry","category-cameroun","category-economie"],"_links":{"self":[{"href":"https:\/\/linitiative.ca\/International\/wp-json\/wp\/v2\/posts\/148275","targetHints":{"allow":["GET"]}}],"collection":[{"href":"https:\/\/linitiative.ca\/International\/wp-json\/wp\/v2\/posts"}],"about":[{"href":"https:\/\/linitiative.ca\/International\/wp-json\/wp\/v2\/types\/post"}],"author":[{"embeddable":true,"href":"https:\/\/linitiative.ca\/International\/wp-json\/wp\/v2\/users\/1969"}],"replies":[{"embeddable":true,"href":"https:\/\/linitiative.ca\/International\/wp-json\/wp\/v2\/comments?post=148275"}],"version-history":[{"count":0,"href":"https:\/\/linitiative.ca\/International\/wp-json\/wp\/v2\/posts\/148275\/revisions"}],"wp:attachment":[{"href":"https:\/\/linitiative.ca\/International\/wp-json\/wp\/v2\/media?parent=148275"}],"wp:term":[{"taxonomy":"category","embeddable":true,"href":"https:\/\/linitiative.ca\/International\/wp-json\/wp\/v2\/categories?post=148275"},{"taxonomy":"post_tag","embeddable":true,"href":"https:\/\/linitiative.ca\/International\/wp-json\/wp\/v2\/tags?post=148275"}],"curies":[{"name":"wp","href":"https:\/\/api.w.org\/{rel}","templated":true}]}}