{"id":148283,"date":"2022-05-22T09:19:37","date_gmt":"2022-05-22T13:19:37","guid":{"rendered":"https:\/\/linitiative.ca\/International\/irak-deces-de-muzaffar-al-nawab-icone-de-la-poesie-engagee\/"},"modified":"2022-05-22T09:19:37","modified_gmt":"2022-05-22T13:19:37","slug":"irak-deces-de-muzaffar-al-nawab-icone-de-la-poesie-engagee","status":"publish","type":"post","link":"https:\/\/linitiative.ca\/International\/irak-deces-de-muzaffar-al-nawab-icone-de-la-poesie-engagee\/","title":{"rendered":"Irak: d\u00e9c\u00e8s de Muzaffar al-Nawab, ic\u00f4ne de la po\u00e9sie engag\u00e9e"},"content":{"rendered":"<div>\n<p><strong>Le c\u00e9l\u00e8bre po\u00e8te engag\u00e9 irakien Muzaffar al-Nawab, ic\u00f4ne de la po\u00e9sie populaire irakienne qui a connu la prison et l\u2019exil dans les ann\u00e9es 60, est d\u00e9c\u00e9d\u00e9 vendredi \u00e0 l\u2019\u00e2ge de 88 ans, ont annonc\u00e9 les autorit\u00e9s irakiennes.<\/strong><\/p>\n<p><strong>L\u2019artiste est d\u00e9c\u00e9d\u00e9 dans un h\u00f4pital des Emirats arabes unis, au terme d\u2019un long combat contre la maladie, a annonc\u00e9 le minist\u00e8re irakien de la Culture. \u00ab\u00a0Il reste vivant dans l\u2019esprit de tous ceux qui chantent ses po\u00e8mes immortels\u00a0\u00bb, a r\u00e9agi sur Twitter le pr\u00e9sident irakien Barham Saleh.<\/strong><\/p>\n<p><strong>N\u00e9 en 1934 dans une famille de la haute soci\u00e9t\u00e9 de Bagdad, dipl\u00f4m\u00e9 de la facult\u00e9 des lettres, Nawab s\u2019est fait conna\u00eetre pour ses po\u00e8mes \u00e0 l\u2019ardeur r\u00e9volutionnaire et \u00e0 la gouaille populaire marqu\u00e9s par son engagement communiste et ses critiques des dictatures arabes.<\/strong><\/p>\n<p><strong>Ses positions politiques le m\u00e8neront en prison et le jetteront sur la route de l\u2019exil, en Iran, puis \u00e0 Damas et \u00e0 Beyrouth, mais aussi dans les capitales europ\u00e9ennes.<\/strong><\/p>\n<p><strong>En 1963, le communiste est contraint de quitter l\u2019Irak au r\u00e9gime nationaliste pour rallier clandestinement l\u2019Iran. Arr\u00eat\u00e9, il sera livr\u00e9 \u00e0 la police politique de son pays, puis condamn\u00e9 \u00e0 mort \u2013mais sa sentence all\u00e9g\u00e9e en prison \u00e0 vie, raconte le site Internet Adab, sp\u00e9cialis\u00e9 dans la po\u00e9sie arabe. Il prendra la fuite d\u2019une prison au sud de Bagdad mais sera de nouveau arr\u00eat\u00e9 quelques ann\u00e9es plus tard.<\/strong><\/p>\n<p><strong>Il est pr\u00e9sent\u00e9 comme l\u2019un des principaux po\u00e8tes \u00e0 avoir introduit le parler populaire irakien dans ses oeuvres.<\/strong><\/p>\n<p><strong>Sa derni\u00e8re visite en Irak remonte \u00e0 2011\u2013 apr\u00e8s le retrait des troupes am\u00e9ricaines qui ont envahi le pays en 2003. Il avait \u00e9t\u00e9 accueilli en grande pompe par la pr\u00e9sidence.<\/strong><\/p>\n<p><strong>Jamais mari\u00e9 et sans enfant, il \u00e9tait aux Emirats pour suivre un traitement m\u00e9dical.<\/strong><\/p>\n<p><strong>Vendredi, le Premier ministre irakien Moustafa al-Kazimi a demand\u00e9 \u00e0 ce que son corps soit rapatri\u00e9 en Irak par avion minist\u00e9riel.<\/strong><\/p>\n<p><strong>Ses po\u00e8mes ont \u00e9t\u00e9 repris en masse lors du soul\u00e8vement populaire in\u00e9dit de l\u2019automne 2019 contre une classe politique accus\u00e9e de mauvaise gouvernance et de corruption end\u00e9mique.<\/strong><\/p>\n<p>L\u2019article <a rel=\"nofollow\" href=\"http:\/\/albayane.press.ma\/irak-deces-de-muzaffar-al-nawab-icone-de-la-poesie-engagee.html\">Irak: d\u00e9c\u00e8s de Muzaffar al-Nawab, ic\u00f4ne de la po\u00e9sie engag\u00e9e<\/a> est apparu en premier sur <a rel=\"nofollow\" href=\"http:\/\/albayane.press.ma\/\">ALBAYANE<\/a>.<\/p>\n<\/div>\n<p>Auteur: M&rsquo;hammed rahal<br \/>\n<a href=\"http:\/\/albayane.press.ma\/irak-deces-de-muzaffar-al-nawab-icone-de-la-poesie-engagee.html\">Cliquez ici pour lire l&rsquo;article depuis sa source.<\/a><\/p>\n","protected":false},"excerpt":{"rendered":"<p>Le c\u00e9l\u00e8bre po\u00e8te engag\u00e9 irakien Muzaffar al-Nawab, ic\u00f4ne de la po\u00e9sie populaire irakienne qui a connu la prison et l\u2019exil dans les ann\u00e9es 60, est d\u00e9c\u00e9d\u00e9 vendredi \u00e0 l\u2019\u00e2ge de 88 ans, ont annonc\u00e9 les autorit\u00e9s irakiennes. L\u2019artiste est d\u00e9c\u00e9d\u00e9 dans un h\u00f4pital des Emirats arabes unis, au terme d\u2019un long combat contre la maladie, [&hellip;]<\/p>\n","protected":false},"author":1760,"featured_media":0,"comment_status":"closed","ping_status":"closed","sticky":false,"template":"","format":"standard","meta":{"fifu_image_url":"","fifu_image_alt":"","footnotes":""},"categories":[73,54],"tags":[],"class_list":["post-148283","post","type-post","status-publish","format-standard","hentry","category-actualite","category-maroc"],"_links":{"self":[{"href":"https:\/\/linitiative.ca\/International\/wp-json\/wp\/v2\/posts\/148283","targetHints":{"allow":["GET"]}}],"collection":[{"href":"https:\/\/linitiative.ca\/International\/wp-json\/wp\/v2\/posts"}],"about":[{"href":"https:\/\/linitiative.ca\/International\/wp-json\/wp\/v2\/types\/post"}],"author":[{"embeddable":true,"href":"https:\/\/linitiative.ca\/International\/wp-json\/wp\/v2\/users\/1760"}],"replies":[{"embeddable":true,"href":"https:\/\/linitiative.ca\/International\/wp-json\/wp\/v2\/comments?post=148283"}],"version-history":[{"count":0,"href":"https:\/\/linitiative.ca\/International\/wp-json\/wp\/v2\/posts\/148283\/revisions"}],"wp:attachment":[{"href":"https:\/\/linitiative.ca\/International\/wp-json\/wp\/v2\/media?parent=148283"}],"wp:term":[{"taxonomy":"category","embeddable":true,"href":"https:\/\/linitiative.ca\/International\/wp-json\/wp\/v2\/categories?post=148283"},{"taxonomy":"post_tag","embeddable":true,"href":"https:\/\/linitiative.ca\/International\/wp-json\/wp\/v2\/tags?post=148283"}],"curies":[{"name":"wp","href":"https:\/\/api.w.org\/{rel}","templated":true}]}}