{"id":148284,"date":"2022-05-22T09:25:30","date_gmt":"2022-05-22T13:25:30","guid":{"rendered":"https:\/\/linitiative.ca\/International\/le-pps-presente-a-beni-mellal-son-document-elements-de-debat-et-de-reflexion\/"},"modified":"2022-05-22T09:25:30","modified_gmt":"2022-05-22T13:25:30","slug":"le-pps-presente-a-beni-mellal-son-document-elements-de-debat-et-de-reflexion","status":"publish","type":"post","link":"https:\/\/linitiative.ca\/International\/le-pps-presente-a-beni-mellal-son-document-elements-de-debat-et-de-reflexion\/","title":{"rendered":"Le PPS pr\u00e9sente \u00e0 B\u00e9ni Mellal son document \u00ab\u00e9l\u00e9ments de d\u00e9bat et de r\u00e9flexion\u00bb"},"content":{"rendered":"<div>\n<p class=\"has-text-align-center has-vivid-red-color has-text-color\"><strong>En perspective du onzi\u00e8me congr\u00e8s national<\/strong><\/p>\n<p class=\"has-text-color\" style=\"color:#0657e5\"><strong>La Section r\u00e9gionale du Parti du Progr\u00e8s et du Socialisme (PPS) a organis\u00e9, vendredi \u00e0 Beni Mellal, une rencontre de communication en vue de pr\u00e9senter et d\u00e9battre autour du document \u00ab\u00a0El\u00e9ments de d\u00e9bat et de r\u00e9flexion\u00a0\u00bb, en perspective du onzi\u00e8me congr\u00e8s national du Parti.<\/strong><\/p>\n<p>Dans une d\u00e9claration \u00e0 la presse, le Secr\u00e9taire g\u00e9n\u00e9ral du PPS, Nabil Benabdallah, a indiqu\u00e9 que cette r\u00e9union, \u00e0 laquelle ont pris part des membres du Bureau politique et les sections r\u00e9gionale et provinciale du Parti, s\u2019inscrit, d\u2019une part, dans le cadre des pr\u00e9paratifs en cours pour la r\u00e9ussite du 11<sup>\u00e8me<\/sup> congr\u00e8s national du parti, et d\u2019autre part, dans le cadre de la poursuite de l\u2019\u00e9valuation et du suivi de l\u2019action gouvernementale dans une \u00abconjoncture \u00e9conomique difficile\u00bb.<\/p>\n<p>Cette r\u00e9union ambitionne \u00e9galement d\u2019ouvrir le d\u00e9bat avec la population locale sur les moyens d\u2019am\u00e9liorer les conditions \u00e9conomiques de la r\u00e9gion et de renforcer le processus de d\u00e9veloppement, a-t-il dit, saluant les r\u00e9sultats \u00e9lectoraux positifs obtenus par le parti aux niveaux r\u00e9gional et local.<\/p>\n<p>Et Benabdallah d\u2019ajouter que le document \u00abEl\u00e9ments de d\u00e9bat et de r\u00e9flexion\u00bb se veut une base pour encadrer la pr\u00e9paration collective du 11\u00e8 Congr\u00e8s national et d\u00e9finir les diff\u00e9rentes \u00e9tapes \u00e0 mettre en \u0153uvre ainsi que les objectifs \u00e0 atteindre pour la r\u00e9ussite de cette importante \u00e9ch\u00e9ance partisane, avec \u00abune vision unifi\u00e9e\u00bb.<\/p>\n<p>Le document ambitionne, de m\u00eame, de lancer une dynamique dans les rangs du parti, \u00e0 travers \u00abune r\u00e9flexion collective sur ses exp\u00e9riences accumul\u00e9es\u00bb, dans le but de \u00ab\u00a0d\u00e9terminer l\u2019horizon et les programmes \u00e0 m\u00eame de consolider l\u2019Etat de droit et de r\u00e9aliser le progr\u00e8s \u00e9conomique et la justice sociale\u00bb.<\/p>\n<p>Ce document aborde principalement l\u2019approche et l\u2019organisation interne du parti, ses m\u00e9thodes de travail et les moyens de valoriser sa position et de pr\u00e9server son identit\u00e9, partant du principe que le 11\u00e8 congr\u00e8s national comprendra une \u00abanalyse exhaustive et pointilleuse des situations nationales et internationales, ainsi que les enjeux politiques, socio-\u00e9conomiques, culturels et \u00e9cologiques\u00bb.<\/p>\n<p>L\u2019article <a rel=\"nofollow\" href=\"http:\/\/albayane.press.ma\/le-pps-presente-a-beni-mellal-son-document-elements-de-debat-et-de-reflexion.html\">Le PPS pr\u00e9sente \u00e0 B\u00e9ni Mellal son document \u00ab\u00e9l\u00e9ments de d\u00e9bat et de r\u00e9flexion\u00bb<\/a> est apparu en premier sur <a rel=\"nofollow\" href=\"http:\/\/albayane.press.ma\/\">ALBAYANE<\/a>.<\/p>\n<\/div>\n<p>Auteur: M&rsquo;hammed rahal<br \/>\n<a href=\"http:\/\/albayane.press.ma\/le-pps-presente-a-beni-mellal-son-document-elements-de-debat-et-de-reflexion.html\">Cliquez ici pour lire l&rsquo;article depuis sa source.<\/a><\/p>\n","protected":false},"excerpt":{"rendered":"<p>En perspective du onzi\u00e8me congr\u00e8s national La Section r\u00e9gionale du Parti du Progr\u00e8s et du Socialisme (PPS) a organis\u00e9, vendredi \u00e0 Beni Mellal, une rencontre de communication en vue de pr\u00e9senter et d\u00e9battre autour du document \u00ab\u00a0El\u00e9ments de d\u00e9bat et de r\u00e9flexion\u00a0\u00bb, en perspective du onzi\u00e8me congr\u00e8s national du Parti. Dans une d\u00e9claration \u00e0 la [&hellip;]<\/p>\n","protected":false},"author":1760,"featured_media":0,"comment_status":"closed","ping_status":"closed","sticky":false,"template":"","format":"standard","meta":{"fifu_image_url":"","fifu_image_alt":"","footnotes":""},"categories":[73,54],"tags":[],"class_list":["post-148284","post","type-post","status-publish","format-standard","hentry","category-actualite","category-maroc"],"_links":{"self":[{"href":"https:\/\/linitiative.ca\/International\/wp-json\/wp\/v2\/posts\/148284","targetHints":{"allow":["GET"]}}],"collection":[{"href":"https:\/\/linitiative.ca\/International\/wp-json\/wp\/v2\/posts"}],"about":[{"href":"https:\/\/linitiative.ca\/International\/wp-json\/wp\/v2\/types\/post"}],"author":[{"embeddable":true,"href":"https:\/\/linitiative.ca\/International\/wp-json\/wp\/v2\/users\/1760"}],"replies":[{"embeddable":true,"href":"https:\/\/linitiative.ca\/International\/wp-json\/wp\/v2\/comments?post=148284"}],"version-history":[{"count":0,"href":"https:\/\/linitiative.ca\/International\/wp-json\/wp\/v2\/posts\/148284\/revisions"}],"wp:attachment":[{"href":"https:\/\/linitiative.ca\/International\/wp-json\/wp\/v2\/media?parent=148284"}],"wp:term":[{"taxonomy":"category","embeddable":true,"href":"https:\/\/linitiative.ca\/International\/wp-json\/wp\/v2\/categories?post=148284"},{"taxonomy":"post_tag","embeddable":true,"href":"https:\/\/linitiative.ca\/International\/wp-json\/wp\/v2\/tags?post=148284"}],"curies":[{"name":"wp","href":"https:\/\/api.w.org\/{rel}","templated":true}]}}