{"id":148285,"date":"2022-05-22T09:34:55","date_gmt":"2022-05-22T13:34:55","guid":{"rendered":"https:\/\/linitiative.ca\/International\/ble-la-menace-de-penurie-guette-les-pays-importateurs\/"},"modified":"2022-05-22T09:34:55","modified_gmt":"2022-05-22T13:34:55","slug":"ble-la-menace-de-penurie-guette-les-pays-importateurs","status":"publish","type":"post","link":"https:\/\/linitiative.ca\/International\/ble-la-menace-de-penurie-guette-les-pays-importateurs\/","title":{"rendered":"Bl\u00e9: la menace de p\u00e9nurie guette les pays importateurs"},"content":{"rendered":"<div>\n<p class=\"has-text-align-right\"><strong>Par Fairouz El Mouden<\/strong><\/p>\n<p class=\"has-vivid-cyan-blue-color has-text-color\"><strong>Le bl\u00e9 est l\u2019une des denr\u00e9es alimentaires les plus consomm\u00e9es, les plus cultiv\u00e9es et les plus \u00e9chang\u00e9es dans le march\u00e9 des mati\u00e8res premi\u00e8res. Cette c\u00e9r\u00e9ale accuse aujourd\u2019hui les contrecoups de la conjoncture \u00e9conomique internationale.<\/strong><\/p>\n<p>Le conflit entre la Russie et l\u2019Ukraine combin\u00e9 aux effets d\u2019une s\u00e9cheresse qui se veut g\u00e9n\u00e9ralis\u00e9e \u00e0 l\u2019\u00e9chelle mondiale constituent aujourd\u2019hui de vraies menaces pour la production et la commercialisation de cette denr\u00e9e alimentaire et les pr\u00e9visions craignent une imminente crise alimentaire.<\/p>\n<p>Les temps sont durs. La conjoncture \u00e9conomique mondiale affiche un tableau sombre \u00e0 tous les niveaux presque. Le conflit russo-ukranien, la flamb\u00e9e des prix des mati\u00e8res premi\u00e8res dont le p\u00e9trole, le bl\u00e9 et la rupture des chaines d\u2019approvisionnement des march\u00e9s par les produits de grande n\u00e9cessit\u00e9 \u00a0sont autant de facteurs d\u00e9stabilisateurs et contraignants de l\u2019\u00e9conomie mondiale. Les conditions climatiques ne sont pas non plus au rendez-vous. La s\u00e9cheresse frappe de plein fouet la grande partie du globe terrestre\u2026.<\/p>\n<p>Autant d\u2019\u00e9l\u00e9ments et d\u2019incertitudes qui devraient normalement pousser les gouvernements \u00e0 revoir leurs priorit\u00e9s et leurs strat\u00e9gies sectorielles. Le Maroc est loin d\u2019\u00eatre \u00e9pargn\u00e9 par cette crise internationale et qui risque de s\u2019\u00e9taler dans la dur\u00e9e et mettre chaotique l\u2019\u00e9conomie nationale qui essaie de sortir des effets de la crise sanitaire qui\u00a0 n\u2019est pas encore finie. Le prix du bl\u00e9 affiche aujourd\u2019hui son niveau le plus \u00e9lev\u00e9, voire m\u00eame un niveau record. Le stock de s\u00e9curit\u00e9 ne repr\u00e9sente que quatre mois de consommation pour un pays qui fait de son plan Maroc-Vert et de sa strat\u00e9gie green g\u00e9n\u00e9ration l\u2019une des plus belles r\u00e9ussites de son \u00e9conomie.<\/p>\n<p>Le bilan est aujourd\u2019hui jug\u00e9e catastrophique et inqui\u00e9tant apr\u00e8s plusieurs ann\u00e9es de mise en \u0153uvre. Le marocain craint une crise alimentaire qui ne dit pas encore son mot malgr\u00e9 la hausse vertigineuse du prix du quintal sur le march\u00e9 local. D\u2019aucuns s\u2019interrogent sur le r\u00f4le des organismes de gestion des stocks de bl\u00e9 et de sa commercialisation. L\u2019on s\u2019interroge aussi sur les priorit\u00e9s de la politique agricole qui n\u2019arrive pas encore \u00e0 donner ses fruits sur l\u2019\u00e9conomie et partant sur le citoyen marocain.<\/p>\n<p class=\"has-text-align-center\"><strong>Le Maroc dispose d\u2019un stock de s\u00e9curit\u00e9 qui couvre 4 mois de consommation<\/strong><\/p>\n<p class=\"has-text-align-center has-vivid-red-color has-text-color\"><strong>La subvention du prix du quintal passe de 71 dhs \u00e0 200 dirhams<\/strong><\/p>\n<p>Le Maroc dispose d\u2019un ensemble de m\u00e9canismes \u00e0 m\u00eame de renouveler et de consolider le stock national de bl\u00e9, au moment o\u00f9 les prix de cette denr\u00e9e connaissent une hausse sur les march\u00e9s mondiaux en raison de la conjoncture marqu\u00e9e par le conflit russo-ukranien, affirme\u00a0 le ministre d\u00e9l\u00e9gu\u00e9 charg\u00e9 des Relations avec le parlement, porte-parole du gouvernement, Mustapha Baitas.<\/p>\n<p>Le gouvernement fournit un grand effort pour garantir l\u2019abondance du bl\u00e9 et notamment le bl\u00e9 tendre qui entre dans la fabrication de la farine, a-t-il soulign\u00e9.<\/p>\n<p>La subvention du gouvernement destin\u00e9e \u00e0 cette denr\u00e9e vitale pour qu\u2019elle arrive aux minoteries au prix de 260 dh le quintal a connu une forte augmentation, a-t-il fait savoir, pr\u00e9cisant qu\u2019elle est pass\u00e9e de 71 dh en janvier dernier \u00e0 pr\u00e8s de 200 dh le quintal actuellement.<\/p>\n<p>Baitas a assur\u00e9 que le gouvernement continuera de subventionner cette denr\u00e9e essentielle dans le r\u00e9gime alimentaire national pour soutenir le pouvoir d\u2019achat des citoyens, en d\u00e9pit du co\u00fbt \u00e9lev\u00e9 en raison de la conjoncture internationale actuelle.<\/p>\n<p>Le Maroc s\u2019approvisionne de cette denr\u00e9e aupr\u00e8s de diff\u00e9rents march\u00e9s, a indiqu\u00e9 le ministre, notant que le stock national de bl\u00e9 couvre pr\u00e8s de quatre mois de consommation.<\/p>\n<p class=\"has-text-align-center has-vivid-red-color has-text-color\"><strong>Bl\u00e9\u00a0: principale denr\u00e9e alimentaire \u00e9chang\u00e9e sur le march\u00e9 des mati\u00e8res premi\u00e8res<\/strong><\/p>\n<p><em>Le bl\u00e9 est l\u2019une des principales denr\u00e9es alimentaires \u00e9chang\u00e9es sur le march\u00e9 des mati\u00e8res premi\u00e8res. Apr\u00e8s des d\u00e9cennies de forte croissance, la production de bl\u00e9 stagne d\u00e9sormais \u00e0 l\u2019\u00e9chelle mondiale depuis le d\u00e9but des ann\u00e9es 2000. Le bl\u00e9 est la seconde c\u00e9r\u00e9ale la plus cultiv\u00e9e au monde apr\u00e8s le ma\u00efs.<\/em><\/p>\n<p class=\"has-text-align-center has-vivid-red-color has-text-color\"><strong>Le prix du bl\u00e9 s\u2019envole<\/strong><\/p>\n<p><em>La tonne de bl\u00e9 tendre s\u2019\u00e9changeait \u00e0 435 euros \u00e0 l\u2019ouverture sur Euronext, un nouveau record pour la c\u00e9r\u00e9ale qui s\u2019\u00e9change d\u00e9j\u00e0 \u00e0 prix d\u2019or sur un march\u00e9 mondial tendu. \u00c0 la Bourse de Chicago, peu avant l\u2019ouverture, le prix du bl\u00e9 de vari\u00e9t\u00e9 SRW atteignait 12,3525 dollars, en hausse de 4,90%.<\/em><\/p>\n<p>L\u2019article <a rel=\"nofollow\" href=\"http:\/\/albayane.press.ma\/ble-la-menace-de-penurie-guette-les-pays-importateurs.html\">Bl\u00e9: la menace de p\u00e9nurie guette les pays importateurs<\/a> est apparu en premier sur <a rel=\"nofollow\" href=\"http:\/\/albayane.press.ma\/\">ALBAYANE<\/a>.<\/p>\n<\/div>\n<p>Auteur: M&rsquo;hammed rahal<br \/>\n<a href=\"http:\/\/albayane.press.ma\/ble-la-menace-de-penurie-guette-les-pays-importateurs.html\">Cliquez ici pour lire l&rsquo;article depuis sa source.<\/a><\/p>\n","protected":false},"excerpt":{"rendered":"<p>Par Fairouz El Mouden Le bl\u00e9 est l\u2019une des denr\u00e9es alimentaires les plus consomm\u00e9es, les plus cultiv\u00e9es et les plus \u00e9chang\u00e9es dans le march\u00e9 des mati\u00e8res premi\u00e8res. Cette c\u00e9r\u00e9ale accuse aujourd\u2019hui les contrecoups de la conjoncture \u00e9conomique internationale. Le conflit entre la Russie et l\u2019Ukraine combin\u00e9 aux effets d\u2019une s\u00e9cheresse qui se veut g\u00e9n\u00e9ralis\u00e9e \u00e0 [&hellip;]<\/p>\n","protected":false},"author":1760,"featured_media":0,"comment_status":"closed","ping_status":"closed","sticky":false,"template":"","format":"standard","meta":{"fifu_image_url":"","fifu_image_alt":"","footnotes":""},"categories":[73,54],"tags":[],"class_list":["post-148285","post","type-post","status-publish","format-standard","hentry","category-actualite","category-maroc"],"_links":{"self":[{"href":"https:\/\/linitiative.ca\/International\/wp-json\/wp\/v2\/posts\/148285","targetHints":{"allow":["GET"]}}],"collection":[{"href":"https:\/\/linitiative.ca\/International\/wp-json\/wp\/v2\/posts"}],"about":[{"href":"https:\/\/linitiative.ca\/International\/wp-json\/wp\/v2\/types\/post"}],"author":[{"embeddable":true,"href":"https:\/\/linitiative.ca\/International\/wp-json\/wp\/v2\/users\/1760"}],"replies":[{"embeddable":true,"href":"https:\/\/linitiative.ca\/International\/wp-json\/wp\/v2\/comments?post=148285"}],"version-history":[{"count":0,"href":"https:\/\/linitiative.ca\/International\/wp-json\/wp\/v2\/posts\/148285\/revisions"}],"wp:attachment":[{"href":"https:\/\/linitiative.ca\/International\/wp-json\/wp\/v2\/media?parent=148285"}],"wp:term":[{"taxonomy":"category","embeddable":true,"href":"https:\/\/linitiative.ca\/International\/wp-json\/wp\/v2\/categories?post=148285"},{"taxonomy":"post_tag","embeddable":true,"href":"https:\/\/linitiative.ca\/International\/wp-json\/wp\/v2\/tags?post=148285"}],"curies":[{"name":"wp","href":"https:\/\/api.w.org\/{rel}","templated":true}]}}