{"id":148286,"date":"2022-05-22T09:42:43","date_gmt":"2022-05-22T13:42:43","guid":{"rendered":"https:\/\/linitiative.ca\/International\/la-cooperation-avec-le-maroc-a-obtenu-des-resultats-positifs\/"},"modified":"2022-05-22T09:42:43","modified_gmt":"2022-05-22T13:42:43","slug":"la-cooperation-avec-le-maroc-a-obtenu-des-resultats-positifs","status":"publish","type":"post","link":"https:\/\/linitiative.ca\/International\/la-cooperation-avec-le-maroc-a-obtenu-des-resultats-positifs\/","title":{"rendered":"La coop\u00e9ration avec le Maroc a obtenu des \u00abr\u00e9sultats positifs\u00bb"},"content":{"rendered":"<div>\n<p class=\"has-text-align-center has-vivid-red-color has-text-color\">Santiago Ulises Rivas,<strong> SG ex\u00e9cutif du FOPREL<\/strong><\/p>\n<p><strong>Le secr\u00e9taire ex\u00e9cutif du Forum des pr\u00e9sidents et pr\u00e9sidentes des pouvoirs l\u00e9gislatifs d\u2019Am\u00e9rique centrale, des Cara\u00efbes et du Mexique (FOPREL), Santiago Ulises Rivas, a soulign\u00e9, jeudi \u00e0 Rabat, que la coop\u00e9ration entre le Maroc et le Forum \u00ab\u00a0FOPREL\u00a0\u00bb a abouti \u00e0 des \u2019\u2019r\u00e9sultats positifs et r\u00e9alis\u00e9 de grands progr\u00e8s\u00bb, apr\u00e8s leur derni\u00e8re r\u00e9union tenue depuis cinq ans.<\/strong><\/p>\n<p>S\u2019exprimant lors d\u2019une conf\u00e9rence de presse conjointe avec les Pr\u00e9sidents de la Chambre des Repr\u00e9sentants et des Conseillers, Rachid Talbi Alami et Naama Mayara, \u00e0 l\u2019issue de la s\u00e9ance d\u2019ouverture de la 26e session extraordinaire du Forum, M. Ribas a d\u00e9clar\u00e9 que la coop\u00e9ration entre les deux parties va conna\u00eetre un nouvel \u00e9lan avec la signature d\u2019un accord pour renforcer la coop\u00e9ration bilat\u00e9rale et travailler sur des questions d\u2019int\u00e9r\u00eat commun, telles que surmonter les r\u00e9percussions de la pand\u00e9mie de Covid, r\u00e9former les lois sur l\u2019\u00e9ducation et lutter contre le changement climatique, qui pose \u00e0 son tour le probl\u00e8me de la s\u00e9curit\u00e9 alimentaire.<\/p>\n<p>Les deux parties travailleront \u00e9galement sur le r\u00e8glement de la question de la migration \u00e0 travers diff\u00e9rentes approches pour une migration l\u00e9gale, a-t-il ajout\u00e9, notant \u00e0 cet \u00e9gard la pr\u00e9sence de repr\u00e9sentants de l\u2019Organisation internationale pour les migrations en Am\u00e9rique centrale \u00e0 cette session extraordinaire.<\/p>\n<p>Pour sa part, le pr\u00e9sident du Forum \u00ab\u00a0Fobriel\u00a0\u00bb, Ernesto Castro, qui est \u00e9galement pr\u00e9sident de l\u2019Assembl\u00e9e l\u00e9gislative du Salvador, a form\u00e9 l\u2019espoir que cette rencontre contribuerait \u00e0 renforcer les liens entre le FOPREL et le Maroc.<\/p>\n<p>Il convient de noter que les travaux de la 26\u00e8me session extraordinaire du Forum des pr\u00e9sidentes et pr\u00e9sidentes des pouvoirs l\u00e9gislatifs d\u2019Am\u00e9rique centrale, des Cara\u00efbes et du Mexique (FOPREL) sont consacr\u00e9s \u00e0 l\u2019examen des diverses formes de coop\u00e9ration Sud-Sud.<br \/>Lors de cette session, les pr\u00e9sidents et pr\u00e9sidentes des pouvoirs l\u00e9gislatifs d\u2019Am\u00e9rique centrale, des Cara\u00efbes et du Mexique, les repr\u00e9sentants du Parlement marocain et les responsables gouvernementaux d\u00e9battront des perspectives de coop\u00e9ration et d\u2019\u00e9changes entre les pays d\u2019Afrique, d\u2019Am\u00e9rique centrale, des Cara\u00efbes et du Mexique.<\/p>\n<p>La session offre \u00e9galement l\u2019opportunit\u00e9 de mettre en lumi\u00e8re l\u2019exp\u00e9rience marocaine dans les domaines de migration et des \u00e9nergies renouvelables.<\/p>\n<p>La s\u00e9ance d\u2019ouverture de cette session, pr\u00e9sid\u00e9e par le Pr\u00e9sident de l\u2019Assembl\u00e9e l\u00e9gislative du Salvador et le pr\u00e9sident p\u00e9riodique du FOPREL, a \u00e9t\u00e9 marqu\u00e9e par le d\u00e9cernement du \u00ab\u00a0Prix Esquipulas de la Paix\u00a0\u00bb \u00e0 SM le Roi Mohammed VI, la plus haute distinction de cette organisation parlementaire r\u00e9gionale. Cette distinction a \u00e9t\u00e9 d\u00e9cern\u00e9e \u00e0 Sa Majest\u00e9 le Roi en vertu d\u2019une d\u00e9cision approuv\u00e9e \u00e0 Rabat, lors de la s\u00e9ance d\u2019ouverture de cette session.<\/p>\n<p>Le \u00ab\u00a0FOPREL\u00a0\u00bb, cr\u00e9\u00e9 en 1994, vise \u00e0 renforcer la mise en place et l\u2019harmonisation des l\u00e9gislations des pays membres et \u00e0 \u00e9laborer des m\u00e9canismes de consultation entre les pr\u00e9sidents de leurs institutions l\u00e9gislatives pour relever les d\u00e9fis auxquels la r\u00e9gion fait face, en plus de soutenir les \u00e9tudes l\u00e9gislatives au niveau r\u00e9gional. Le Parlement marocain est membre observateur au sein du FOPREL depuis 2014.<\/p>\n<p>L\u2019article <a rel=\"nofollow\" href=\"http:\/\/albayane.press.ma\/la-cooperation-avec-le-maroc-a-obtenu-des-resultats-positifs.html\">La coop\u00e9ration avec le Maroc a obtenu des \u00abr\u00e9sultats positifs\u00bb<\/a> est apparu en premier sur <a rel=\"nofollow\" href=\"http:\/\/albayane.press.ma\/\">ALBAYANE<\/a>.<\/p>\n<\/div>\n<p>Auteur: M&rsquo;hammed rahal<br \/>\n<a href=\"http:\/\/albayane.press.ma\/la-cooperation-avec-le-maroc-a-obtenu-des-resultats-positifs.html\">Cliquez ici pour lire l&rsquo;article depuis sa source.<\/a><\/p>\n","protected":false},"excerpt":{"rendered":"<p>Santiago Ulises Rivas, SG ex\u00e9cutif du FOPREL Le secr\u00e9taire ex\u00e9cutif du Forum des pr\u00e9sidents et pr\u00e9sidentes des pouvoirs l\u00e9gislatifs d\u2019Am\u00e9rique centrale, des Cara\u00efbes et du Mexique (FOPREL), Santiago Ulises Rivas, a soulign\u00e9, jeudi \u00e0 Rabat, que la coop\u00e9ration entre le Maroc et le Forum \u00ab\u00a0FOPREL\u00a0\u00bb a abouti \u00e0 des \u2019\u2019r\u00e9sultats positifs et r\u00e9alis\u00e9 de grands [&hellip;]<\/p>\n","protected":false},"author":1760,"featured_media":0,"comment_status":"closed","ping_status":"closed","sticky":false,"template":"","format":"standard","meta":{"fifu_image_url":"","fifu_image_alt":"","footnotes":""},"categories":[73,54],"tags":[],"class_list":["post-148286","post","type-post","status-publish","format-standard","hentry","category-actualite","category-maroc"],"_links":{"self":[{"href":"https:\/\/linitiative.ca\/International\/wp-json\/wp\/v2\/posts\/148286","targetHints":{"allow":["GET"]}}],"collection":[{"href":"https:\/\/linitiative.ca\/International\/wp-json\/wp\/v2\/posts"}],"about":[{"href":"https:\/\/linitiative.ca\/International\/wp-json\/wp\/v2\/types\/post"}],"author":[{"embeddable":true,"href":"https:\/\/linitiative.ca\/International\/wp-json\/wp\/v2\/users\/1760"}],"replies":[{"embeddable":true,"href":"https:\/\/linitiative.ca\/International\/wp-json\/wp\/v2\/comments?post=148286"}],"version-history":[{"count":0,"href":"https:\/\/linitiative.ca\/International\/wp-json\/wp\/v2\/posts\/148286\/revisions"}],"wp:attachment":[{"href":"https:\/\/linitiative.ca\/International\/wp-json\/wp\/v2\/media?parent=148286"}],"wp:term":[{"taxonomy":"category","embeddable":true,"href":"https:\/\/linitiative.ca\/International\/wp-json\/wp\/v2\/categories?post=148286"},{"taxonomy":"post_tag","embeddable":true,"href":"https:\/\/linitiative.ca\/International\/wp-json\/wp\/v2\/tags?post=148286"}],"curies":[{"name":"wp","href":"https:\/\/api.w.org\/{rel}","templated":true}]}}