{"id":148287,"date":"2022-05-22T09:51:32","date_gmt":"2022-05-22T13:51:32","guid":{"rendered":"https:\/\/linitiative.ca\/International\/sm-le-roi-felicite-le-club-de-la-renaissance-sportive-de-berkane\/"},"modified":"2022-05-22T09:51:32","modified_gmt":"2022-05-22T13:51:32","slug":"sm-le-roi-felicite-le-club-de-la-renaissance-sportive-de-berkane","status":"publish","type":"post","link":"https:\/\/linitiative.ca\/International\/sm-le-roi-felicite-le-club-de-la-renaissance-sportive-de-berkane\/","title":{"rendered":"SM le Roi f\u00e9licite le club de la renaissance sportive de Berkane"},"content":{"rendered":"<div>\n<p class=\"has-text-align-center has-vivid-red-color has-text-color\"><strong>Suite \u00e0 sa cons\u00e9cration \u00e0 la coupe de la CAF-2022<\/strong><\/p>\n<p class=\"has-black-color has-cyan-bluish-gray-background-color has-text-color has-background\"><strong>Sa Majest\u00e9 le Roi Mohammed VI a adress\u00e9 un message de f\u00e9licitations aux membres du club de la Renaissance Sportive de Berkane (RSB), \u00e0 l\u2019occasion de sa cons\u00e9cration \u00e0 la Coupe de la Conf\u00e9d\u00e9ration Africaine de Football (CAF-2022).<\/strong><\/p>\n<p>Dans ce message, le Souverain exprime Ses chaleureuses f\u00e9licitations \u00e0 l\u2019ensemble des composantes du Club berkani \u2013 joueurs, entra\u00eeneurs, techniciens, cadres administratifs et supporters- pour avoir remport\u00e9 la Coupe de la Conf\u00e9d\u00e9ration Africaine de Football (CAF-2022), et permis ainsi au Maroc de conserver le titre pour la troisi\u00e8me fois cons\u00e9cutive.<\/p>\n<p>\u00ab\u00a0Nous ne pouvons manquer de vous faire part de Notre fiert\u00e9 de ce titre continental qui rend honneur au club de la Renaissance Sportive de Berkane et au football marocain, et que vous avez remport\u00e9, avec brio et distinction, pour la deuxi\u00e8me fois, gr\u00e2ce \u00e0 vos efforts s\u00e9rieux et \u00e0 l\u2019ambition qui vous anime pour repr\u00e9senter le Maroc de la meilleure fa\u00e7on dans diverses comp\u00e9titions internationales, et pour hisser haut les couleurs nationales\u00a0\u00bb, souligne SM le Roi.<\/p>\n<p>Le Souverain Se dit convaincu que ce sacre pr\u00e9cieux constituera une source de motivation pour le club de la Renaissance Sportive de Berkane, ainsi que pour le reste des clubs sportifs marocains, pour poursuivre leurs brillants parcours \u00e0 la t\u00eate des diff\u00e9rents championnats africains et arabes, souhaitant aux membres du club berkani plein succ\u00e8s et la r\u00e9alisation de davantage d\u2019exploits et de titres.<\/p>\n<p class=\"has-text-align-center has-vivid-red-color has-text-color\"><strong>Sc\u00e8nes de liesse \u00e0 Berkane<\/strong><\/p>\n<p>Dans les diff\u00e9rentes places et art\u00e8res de la ville de Berkane, des milliers de Berkanis ont c\u00e9l\u00e9br\u00e9, dans la nuit de vendredi \u00e0 samedi, ce nouveau sacre africain de la Renaissance de Berkane (RSB).<\/p>\n<p>Munis des drapeaux nationaux et des \u00e9tendards oranges de la RSB, les supporters ont sillonn\u00e9 les avenues de la ville au rythme des slogans et cris de victoire, c\u00e9l\u00e9brant l\u2019exploit du collectif orange qui a remport\u00e9 son deuxi\u00e8me titre de la Coupe de la Conf\u00e9d\u00e9ration africaine de football (CAF).<\/p>\n<p>Les Oranges ont battu la formation sud-africaine d\u2019Orlando Pirates par 5 tirs au but \u00e0 4 (temps r\u00e9glementaire: 0-0, prolongations: 1-1), en finale de cette comp\u00e9tition disput\u00e9e vendredi \u00e0 Uyo (Nigeria).<\/p>\n<p>Cet exploit permet au Maroc de conserver le titre pour la troisi\u00e8me fois cons\u00e9cutive, a-t-on soulign\u00e9, mettant en exergue le s\u00e9rieux et l\u2019ambition des joueurs berkanis qui ont r\u00e9ussi deux \u201cremontadas\u201d, en quarts et en demi-finales, avant de s\u2019imposer en finale et d\u00e9crocher ce pr\u00e9cieux troph\u00e9e.<\/p>\n<p>L\u2019article <a rel=\"nofollow\" href=\"http:\/\/albayane.press.ma\/sm-le-roi-felicite-le-club-de-la-renaissance-sportive-de-berkane.html\">SM le Roi f\u00e9licite le club de la renaissance sportive de Berkane<\/a> est apparu en premier sur <a rel=\"nofollow\" href=\"http:\/\/albayane.press.ma\/\">ALBAYANE<\/a>.<\/p>\n<\/div>\n<p>Auteur: M&rsquo;hammed rahal<br \/>\n<a href=\"http:\/\/albayane.press.ma\/sm-le-roi-felicite-le-club-de-la-renaissance-sportive-de-berkane.html\">Cliquez ici pour lire l&rsquo;article depuis sa source.<\/a><\/p>\n","protected":false},"excerpt":{"rendered":"<p>Suite \u00e0 sa cons\u00e9cration \u00e0 la coupe de la CAF-2022 Sa Majest\u00e9 le Roi Mohammed VI a adress\u00e9 un message de f\u00e9licitations aux membres du club de la Renaissance Sportive de Berkane (RSB), \u00e0 l\u2019occasion de sa cons\u00e9cration \u00e0 la Coupe de la Conf\u00e9d\u00e9ration Africaine de Football (CAF-2022). Dans ce message, le Souverain exprime Ses [&hellip;]<\/p>\n","protected":false},"author":1760,"featured_media":0,"comment_status":"closed","ping_status":"closed","sticky":false,"template":"","format":"standard","meta":{"fifu_image_url":"","fifu_image_alt":"","footnotes":""},"categories":[73,54],"tags":[],"class_list":["post-148287","post","type-post","status-publish","format-standard","hentry","category-actualite","category-maroc"],"_links":{"self":[{"href":"https:\/\/linitiative.ca\/International\/wp-json\/wp\/v2\/posts\/148287","targetHints":{"allow":["GET"]}}],"collection":[{"href":"https:\/\/linitiative.ca\/International\/wp-json\/wp\/v2\/posts"}],"about":[{"href":"https:\/\/linitiative.ca\/International\/wp-json\/wp\/v2\/types\/post"}],"author":[{"embeddable":true,"href":"https:\/\/linitiative.ca\/International\/wp-json\/wp\/v2\/users\/1760"}],"replies":[{"embeddable":true,"href":"https:\/\/linitiative.ca\/International\/wp-json\/wp\/v2\/comments?post=148287"}],"version-history":[{"count":0,"href":"https:\/\/linitiative.ca\/International\/wp-json\/wp\/v2\/posts\/148287\/revisions"}],"wp:attachment":[{"href":"https:\/\/linitiative.ca\/International\/wp-json\/wp\/v2\/media?parent=148287"}],"wp:term":[{"taxonomy":"category","embeddable":true,"href":"https:\/\/linitiative.ca\/International\/wp-json\/wp\/v2\/categories?post=148287"},{"taxonomy":"post_tag","embeddable":true,"href":"https:\/\/linitiative.ca\/International\/wp-json\/wp\/v2\/tags?post=148287"}],"curies":[{"name":"wp","href":"https:\/\/api.w.org\/{rel}","templated":true}]}}