{"id":148288,"date":"2022-05-22T09:50:22","date_gmt":"2022-05-22T13:50:22","guid":{"rendered":"https:\/\/linitiative.ca\/International\/ouvrage-collectif-sur-lhistoire-la-culture-et-les-enjeux-du-developpement\/"},"modified":"2022-05-22T09:50:22","modified_gmt":"2022-05-22T13:50:22","slug":"ouvrage-collectif-sur-lhistoire-la-culture-et-les-enjeux-du-developpement","status":"publish","type":"post","link":"https:\/\/linitiative.ca\/International\/ouvrage-collectif-sur-lhistoire-la-culture-et-les-enjeux-du-developpement\/","title":{"rendered":"Ouvrage collectif sur l\u2019Histoire, la Culture et les Enjeux du D\u00e9veloppement"},"content":{"rendered":"<div>\n<div style=\"margin-bottom:20px;\"><img loading=\"lazy\" decoding=\"async\" width=\"750\" height=\"430\" src=\"https:\/\/linitiative.ca\/International\/wp-content\/uploads\/sites\/23\/2022\/05\/LIVRE-1.jpg\" class=\"attachment-post-thumbnail size-post-thumbnail wp-post-image\" alt=\"\" srcset=\"https:\/\/linitiative.ca\/International\/wp-content\/uploads\/sites\/23\/2022\/05\/LIVRE-1.jpg 750w, https:\/\/www.mapmarrakech.ma\/map\/uploads\/2022\/05\/LIVRE-1-300x172.jpg 300w\" sizes=\"auto, (max-width: 750px) 100vw, 750px\"><\/div>\n<p>Pr\u00e9sent\u00e9 \u00e0 l\u2019occasion du \u00ab\u00a0Mois du Patrimoine\u00a0\u00bb en pr\u00e9sence de repr\u00e9sentants des associations composant la Coalition M\u00e9moire du Maroc, cet ouvrage, dont la coordination a \u00e9t\u00e9 confi\u00e9e \u00e0 la chercheuse Nafissa Dahbi, aborde l\u2019histoire, les diff\u00e9rents aspects de la culture, des arts et de la musique caract\u00e9ristiques de cette cit\u00e9 mill\u00e9naire.<\/p>\n<p>Cette \u0153uvre de pr\u00e8s de 300 pages tente aussi de rapprocher les lecteurs du patrimoine religieux de la province \u00e0 travers des \u00e9tudes sur plusieurs zaou\u00efas, qui ont rayonn\u00e9 et contribu\u00e9 \u00e0 la diffusion d\u2019un islam de juste milieu et de tol\u00e9rance dans cette partie du territoire national.<\/p>\n<p>L\u2019ouvrage consacre une grande partie \u00e0 l\u2019histoire de la poterie qui a fait le rayonnement de la cit\u00e9, mais aussi \u00e0 certaines grandes figures politiques qui ont marqu\u00e9 cette r\u00e9gion, telles que le Caid Aissa Ben Omar.<\/p>\n<p>Dans cet ouvrage, l\u2019accent a \u00e9t\u00e9 aussi mis sur les potentialit\u00e9s \u00e9conomiques dont regorge la province, et qui sont de nature \u00e0 r\u00e9aliser l\u2019essor socio\u00e9conomique dans cette province du Royaume.<\/p>\n<p>Pour la chercheuse Nafissa Dahbi, \u00ab\u00a0Safi a \u00e9t\u00e9 tout au long de son histoire, ouverte sur le commerce international gr\u00e2ce \u00e0 son port situ\u00e9 sur la fa\u00e7ade atlantique, et implant\u00e9 au fond d\u2019une baie domin\u00e9e par de hautes falaises largement ouvertes offrant un abri aux navires contre les vents et les temp\u00eates\u00a0\u00bb.<\/p>\n<p>Cette cit\u00e9 a \u00e9t\u00e9 aussi une ville d\u2019intenses \u00e9changes humains et une r\u00e9gion attractive, o\u00f9 ont cohabit\u00e9 diff\u00e9rents peuples et ethnies, mais aussi musulmans et juifs.<\/p>\n<p>Dans cette r\u00e9gion, la culture soufie a pris une place pr\u00e9pond\u00e9rante au sein de la soci\u00e9t\u00e9 avec l\u2019av\u00e8nement d\u2019une multitude de confr\u00e9ries et la renomm\u00e9e de plusieurs saints.<\/p>\n<p>\u00ab\u00a0Cet ouvrage qui tente de restituer les \u00e9chos de l\u2019histoire, la culture et les arts de cette cit\u00e9, se veut une plaidoirie pour la r\u00e9habilitation des nombreux sites historiques dont regorge la ville\u00a0\u00bb, a-t-elle insist\u00e9.<\/p>\n<p>The post <a rel=\"nofollow\" href=\"https:\/\/www.mapmarrakech.ma\/fr\/ouvrage-collectif-sur-lhistoire-la-culture-et-les-enjeux-du-developpement\/\">Ouvrage collectif sur l\u2019Histoire, la Culture et les Enjeux du D\u00e9veloppement<\/a> appeared first on <a rel=\"nofollow\" href=\"https:\/\/www.mapmarrakech.ma\/fr\">MapMarrakech<\/a>.<\/p>\n<\/div>\n<p>Auteur: Meriem IGASS<br \/>\n<a href=\"https:\/\/www.mapmarrakech.ma\/fr\/ouvrage-collectif-sur-lhistoire-la-culture-et-les-enjeux-du-developpement\/\">Cliquez ici pour lire l&rsquo;article depuis sa source.<\/a><\/p>\n","protected":false},"excerpt":{"rendered":"<p>Pr\u00e9sent\u00e9 \u00e0 l\u2019occasion du \u00ab\u00a0Mois du Patrimoine\u00a0\u00bb en pr\u00e9sence de repr\u00e9sentants des associations composant la Coalition M\u00e9moire du Maroc, cet ouvrage, dont la coordination a \u00e9t\u00e9 confi\u00e9e \u00e0 la chercheuse Nafissa Dahbi, aborde l\u2019histoire, les diff\u00e9rents aspects de la culture, des arts et de la musique caract\u00e9ristiques de cette cit\u00e9 mill\u00e9naire. Cette \u0153uvre de pr\u00e8s [&hellip;]<\/p>\n","protected":false},"author":1788,"featured_media":0,"comment_status":"closed","ping_status":"closed","sticky":false,"template":"","format":"standard","meta":{"fifu_image_url":"https:\/\/www.mapmarrakech.ma\/map\/uploads\/2022\/05\/LIVRE-1.jpg","fifu_image_alt":"Ouvrage collectif sur l\u2019Histoire, la Culture et les Enjeux du D\u00e9veloppement","footnotes":""},"categories":[54,76],"tags":[],"class_list":["post-148288","post","type-post","status-publish","format-standard","hentry","category-maroc","category-regions"],"_links":{"self":[{"href":"https:\/\/linitiative.ca\/International\/wp-json\/wp\/v2\/posts\/148288","targetHints":{"allow":["GET"]}}],"collection":[{"href":"https:\/\/linitiative.ca\/International\/wp-json\/wp\/v2\/posts"}],"about":[{"href":"https:\/\/linitiative.ca\/International\/wp-json\/wp\/v2\/types\/post"}],"author":[{"embeddable":true,"href":"https:\/\/linitiative.ca\/International\/wp-json\/wp\/v2\/users\/1788"}],"replies":[{"embeddable":true,"href":"https:\/\/linitiative.ca\/International\/wp-json\/wp\/v2\/comments?post=148288"}],"version-history":[{"count":0,"href":"https:\/\/linitiative.ca\/International\/wp-json\/wp\/v2\/posts\/148288\/revisions"}],"wp:attachment":[{"href":"https:\/\/linitiative.ca\/International\/wp-json\/wp\/v2\/media?parent=148288"}],"wp:term":[{"taxonomy":"category","embeddable":true,"href":"https:\/\/linitiative.ca\/International\/wp-json\/wp\/v2\/categories?post=148288"},{"taxonomy":"post_tag","embeddable":true,"href":"https:\/\/linitiative.ca\/International\/wp-json\/wp\/v2\/tags?post=148288"}],"curies":[{"name":"wp","href":"https:\/\/api.w.org\/{rel}","templated":true}]}}