{"id":148294,"date":"2022-05-22T07:08:00","date_gmt":"2022-05-22T11:08:00","guid":{"rendered":"https:\/\/linitiative.ca\/International\/saint-etienne-la-raison-etonnante-de-la-mise-a-lecart-de-boudebouz\/"},"modified":"2022-05-22T07:08:00","modified_gmt":"2022-05-22T11:08:00","slug":"saint-etienne-la-raison-etonnante-de-la-mise-a-lecart-de-boudebouz","status":"publish","type":"post","link":"https:\/\/linitiative.ca\/International\/saint-etienne-la-raison-etonnante-de-la-mise-a-lecart-de-boudebouz\/","title":{"rendered":"Saint Etienne : La raison \u00e9tonnante de la mise \u00e0 l&rsquo;\u00e9cart de Boudebouz"},"content":{"rendered":"<div>Ryad Boudebouz aurait \u00e9t\u00e9 mis \u00e0 l&rsquo;\u00e9cart de la rencontre d\u00e9cisive face \u00e0 Nantes pour des motifs d\u00e9concertants<\/div>\n<p>Auteur:<br \/>\n<a href=\"https:\/\/www.lebuteur.com\/article\/detail?titre=saint-etienne-la-raison-etonnante-de-la-mise-a-lecart-de-boudebouz&#038;id=102911\">Cliquez ici pour lire l&rsquo;article depuis sa source.<\/a><\/p>\n","protected":false},"excerpt":{"rendered":"<p>Ryad Boudebouz aurait \u00e9t\u00e9 mis \u00e0 l&rsquo;\u00e9cart de la rencontre d\u00e9cisive face \u00e0 Nantes pour des motifs d\u00e9concertants Auteur: Cliquez ici pour lire l&rsquo;article depuis sa source.<\/p>\n","protected":false},"author":1738,"featured_media":0,"comment_status":"closed","ping_status":"closed","sticky":false,"template":"","format":"standard","meta":{"fifu_image_url":"","fifu_image_alt":"","footnotes":""},"categories":[53,75],"tags":[],"class_list":["post-148294","post","type-post","status-publish","format-standard","hentry","category-algerie","category-sport"],"_links":{"self":[{"href":"https:\/\/linitiative.ca\/International\/wp-json\/wp\/v2\/posts\/148294","targetHints":{"allow":["GET"]}}],"collection":[{"href":"https:\/\/linitiative.ca\/International\/wp-json\/wp\/v2\/posts"}],"about":[{"href":"https:\/\/linitiative.ca\/International\/wp-json\/wp\/v2\/types\/post"}],"author":[{"embeddable":true,"href":"https:\/\/linitiative.ca\/International\/wp-json\/wp\/v2\/users\/1738"}],"replies":[{"embeddable":true,"href":"https:\/\/linitiative.ca\/International\/wp-json\/wp\/v2\/comments?post=148294"}],"version-history":[{"count":0,"href":"https:\/\/linitiative.ca\/International\/wp-json\/wp\/v2\/posts\/148294\/revisions"}],"wp:attachment":[{"href":"https:\/\/linitiative.ca\/International\/wp-json\/wp\/v2\/media?parent=148294"}],"wp:term":[{"taxonomy":"category","embeddable":true,"href":"https:\/\/linitiative.ca\/International\/wp-json\/wp\/v2\/categories?post=148294"},{"taxonomy":"post_tag","embeddable":true,"href":"https:\/\/linitiative.ca\/International\/wp-json\/wp\/v2\/tags?post=148294"}],"curies":[{"name":"wp","href":"https:\/\/api.w.org\/{rel}","templated":true}]}}