{"id":148296,"date":"2022-05-22T08:46:00","date_gmt":"2022-05-22T12:46:00","guid":{"rendered":"https:\/\/linitiative.ca\/International\/brest-on-ne-pourra-jamais-offrir-a-belaili-ce-quil-avait-dans-le-golfe\/"},"modified":"2022-05-22T08:46:00","modified_gmt":"2022-05-22T12:46:00","slug":"brest-on-ne-pourra-jamais-offrir-a-belaili-ce-quil-avait-dans-le-golfe","status":"publish","type":"post","link":"https:\/\/linitiative.ca\/International\/brest-on-ne-pourra-jamais-offrir-a-belaili-ce-quil-avait-dans-le-golfe\/","title":{"rendered":"Brest : \u00ab\u00a0On ne pourra jamais offrir \u00e0 Belaili ce qu&rsquo;il avait dans le Golfe\u00a0\u00bb"},"content":{"rendered":"<div>Recrut\u00e9 cet hiver par Brest, Youcef Bela\u00efli a eu dans un premier temps beaucoup de mal \u00e0 s&rsquo;adapter&#8230;<\/div>\n<p>Auteur:<br \/>\n<a href=\"https:\/\/www.lebuteur.com\/article\/detail?titre=brest-on-ne-pourra-jamais-offrir-a-belaili-ce-quil-avait-dans-le-golfe&#038;id=102913\">Cliquez ici pour lire l&rsquo;article depuis sa source.<\/a><\/p>\n","protected":false},"excerpt":{"rendered":"<p>Recrut\u00e9 cet hiver par Brest, Youcef Bela\u00efli a eu dans un premier temps beaucoup de mal \u00e0 s&rsquo;adapter&#8230; Auteur: Cliquez ici pour lire l&rsquo;article depuis sa source.<\/p>\n","protected":false},"author":1738,"featured_media":0,"comment_status":"closed","ping_status":"closed","sticky":false,"template":"","format":"standard","meta":{"fifu_image_url":"","fifu_image_alt":"","footnotes":""},"categories":[53,75],"tags":[],"class_list":["post-148296","post","type-post","status-publish","format-standard","hentry","category-algerie","category-sport"],"_links":{"self":[{"href":"https:\/\/linitiative.ca\/International\/wp-json\/wp\/v2\/posts\/148296","targetHints":{"allow":["GET"]}}],"collection":[{"href":"https:\/\/linitiative.ca\/International\/wp-json\/wp\/v2\/posts"}],"about":[{"href":"https:\/\/linitiative.ca\/International\/wp-json\/wp\/v2\/types\/post"}],"author":[{"embeddable":true,"href":"https:\/\/linitiative.ca\/International\/wp-json\/wp\/v2\/users\/1738"}],"replies":[{"embeddable":true,"href":"https:\/\/linitiative.ca\/International\/wp-json\/wp\/v2\/comments?post=148296"}],"version-history":[{"count":0,"href":"https:\/\/linitiative.ca\/International\/wp-json\/wp\/v2\/posts\/148296\/revisions"}],"wp:attachment":[{"href":"https:\/\/linitiative.ca\/International\/wp-json\/wp\/v2\/media?parent=148296"}],"wp:term":[{"taxonomy":"category","embeddable":true,"href":"https:\/\/linitiative.ca\/International\/wp-json\/wp\/v2\/categories?post=148296"},{"taxonomy":"post_tag","embeddable":true,"href":"https:\/\/linitiative.ca\/International\/wp-json\/wp\/v2\/tags?post=148296"}],"curies":[{"name":"wp","href":"https:\/\/api.w.org\/{rel}","templated":true}]}}