{"id":148299,"date":"2022-05-22T03:00:00","date_gmt":"2022-05-22T07:00:00","guid":{"rendered":"https:\/\/linitiative.ca\/International\/leila-temime-blili-la-militante-lhistorienne\/"},"modified":"2022-05-22T03:00:00","modified_gmt":"2022-05-22T07:00:00","slug":"leila-temime-blili-la-militante-lhistorienne","status":"publish","type":"post","link":"https:\/\/linitiative.ca\/International\/leila-temime-blili-la-militante-lhistorienne\/","title":{"rendered":"Leila Temime Blili, la militante, l\u2019historienne"},"content":{"rendered":"<div><img decoding=\"async\" src=\"https:\/\/linitiative.ca\/International\/wp-content\/uploads\/sites\/23\/2022\/05\/1653062537_article.jpg\" alt=\"Leila Temime Blili, la militante, l\u2019historienne\" align=\"left\">Leila Temime Blili est professeure \u00e9m\u00e9rite \u00e0 l\u2019Universit\u00e9 de la Manouba, sp\u00e9cialiste d\u2019histoire sociale et d\u2019histoire de la famille.<br \/>\nN\u00e9e au Bardo o\u00f9 elle poursuit ses \u00e9tudes primaires, avant d\u2019entrer \u00e0 la rue du Pacha jusqu\u2019au baccalaur\u00e9at obtenu en 1969.<br \/>\nEntre 1969 et 1974, elle poursuit des \u00e9tudes d\u2019histoire \u00e0 la facult\u00e9 des Lettres et des Sciences humaines du 9-Avril o\u00f9 elle participe activement au mouvement \u00e9tudiant, en tant que membre des corporations d\u2019histoire. Elle participe \u00e9galement au mouvement de f\u00e9vrier 1972, avant de rejoindre le mouvement clandestin Perspectives \/al Amil al Tounsi. En novembre 1973, elle est arr\u00eat\u00e9e par la police politique &#8230;<\/p>\n<\/div>\n<p>Auteur:<br \/>\n<a href=\"https:\/\/www.leaders.com.tn\/article\/33372-leila-temime-blili-la-militante-l-historienne\">Cliquez ici pour lire l&rsquo;article depuis sa source.<\/a><\/p>\n","protected":false},"excerpt":{"rendered":"<p>Leila Temime Blili est professeure \u00e9m\u00e9rite \u00e0 l\u2019Universit\u00e9 de la Manouba, sp\u00e9cialiste d\u2019histoire sociale et d\u2019histoire de la famille. N\u00e9e au Bardo o\u00f9 elle poursuit ses \u00e9tudes primaires, avant d\u2019entrer \u00e0 la rue du Pacha jusqu\u2019au baccalaur\u00e9at obtenu en 1969. Entre 1969 et 1974, elle poursuit des \u00e9tudes d\u2019histoire \u00e0 la facult\u00e9 des Lettres et [&hellip;]<\/p>\n","protected":false},"author":1772,"featured_media":0,"comment_status":"closed","ping_status":"closed","sticky":false,"template":"","format":"standard","meta":{"fifu_image_url":"http:\/\/www.leaders.com.tn\/uploads\/content\/thumbnails_small\/1653062537_article.jpg","fifu_image_alt":"Leila Temime Blili, la militante, l\u2019historienne","footnotes":""},"categories":[73,55],"tags":[],"class_list":["post-148299","post","type-post","status-publish","format-standard","hentry","category-actualite","category-tunisie"],"_links":{"self":[{"href":"https:\/\/linitiative.ca\/International\/wp-json\/wp\/v2\/posts\/148299","targetHints":{"allow":["GET"]}}],"collection":[{"href":"https:\/\/linitiative.ca\/International\/wp-json\/wp\/v2\/posts"}],"about":[{"href":"https:\/\/linitiative.ca\/International\/wp-json\/wp\/v2\/types\/post"}],"author":[{"embeddable":true,"href":"https:\/\/linitiative.ca\/International\/wp-json\/wp\/v2\/users\/1772"}],"replies":[{"embeddable":true,"href":"https:\/\/linitiative.ca\/International\/wp-json\/wp\/v2\/comments?post=148299"}],"version-history":[{"count":0,"href":"https:\/\/linitiative.ca\/International\/wp-json\/wp\/v2\/posts\/148299\/revisions"}],"wp:attachment":[{"href":"https:\/\/linitiative.ca\/International\/wp-json\/wp\/v2\/media?parent=148299"}],"wp:term":[{"taxonomy":"category","embeddable":true,"href":"https:\/\/linitiative.ca\/International\/wp-json\/wp\/v2\/categories?post=148299"},{"taxonomy":"post_tag","embeddable":true,"href":"https:\/\/linitiative.ca\/International\/wp-json\/wp\/v2\/tags?post=148299"}],"curies":[{"name":"wp","href":"https:\/\/api.w.org\/{rel}","templated":true}]}}