{"id":14831,"date":"2019-02-16T08:36:49","date_gmt":"2019-02-16T13:36:49","guid":{"rendered":"https:\/\/linitiative.ca\/International\/nomination-hombeline-epse-mathon-directeur-general-de-la-smid\/"},"modified":"2019-02-16T08:36:49","modified_gmt":"2019-02-16T13:36:49","slug":"nomination-hombeline-epse-mathon-directeur-general-de-la-smid","status":"publish","type":"post","link":"https:\/\/linitiative.ca\/International\/nomination-hombeline-epse-mathon-directeur-general-de-la-smid\/","title":{"rendered":"Nomination : Hombeline Epse Mathon, directeur g\u00e9n\u00e9ral de la Smid"},"content":{"rendered":"<p>La Soci\u00e9t\u00e9 M\u00e9tropolitaine d\u2019Investissement de Douala (<strong>Smid<\/strong>) est d\u00e9sormais dot\u00e9e de ses dirigeants strat\u00e9giques. Pendant plus de quatre heures de session, les administrateurs de cette entit\u00e9, en pr\u00e9sence des membres des comit\u00e9s sp\u00e9cialis\u00e9s, ont pris d\u2019importantes d\u00e9cisions. Dont celle portant approbation du proc\u00e8s-verbal de la session du premier conseil d\u2019administration de la Smid, tenue le 17 ao\u00fbt 2018, et la nomination d\u2019importants responsables. A l\u2019issue des travaux<strong>, Hombeline Epse Mathon<\/strong> a \u00e9t\u00e9 port\u00e9e au poste de directeur g\u00e9n\u00e9ral de la Smid. <strong>Bernardi St\u00e9phani Letcheu Chango<\/strong> est le tout premier directeur administratif et financier. Le poste de directeur de la promotion, du marketing et des relations publiques sera occup\u00e9 par <strong>Madeleine Liliane Ngo Mbog Binyet<\/strong>, alors que <strong>Raoumbe Arielle<\/strong> a \u00e9t\u00e9 port\u00e9e au poste de directeur de la production et de l\u2019exploitation. \u00ab\u00a0<em>Avec la d\u00e9signation de ces responsables cl\u00e9s, la Smid peut d\u00e9sormais effectivement fonctionner<\/em>\u00a0\u00bb, indique le Dr. <strong>Fritz Ntone Ntone<\/strong>, le d\u00e9l\u00e9gu\u00e9 du gouvernement aupr\u00e8s de la Communaut\u00e9 urbaine de Douala, pr\u00e9sident du conseil d\u2019administration de la Smid.<\/p>\n<p>C\u2019est \u00e0 la suite d\u2019un avis d\u2019appel d\u2019offres international que les nouveaux responsables de la Smid ont \u00e9t\u00e9 d\u00e9sign\u00e9s. Le directeur g\u00e9n\u00e9ral aura pour principale mission de <em>\u00ab finaliser la cr\u00e9ation de l\u2019entreprise, d\u2019en d\u00e9finir la strat\u00e9gie et d\u2019encadrer les diff\u00e9rentes ressources financi\u00e8res, humaines et techniques<\/em>\u00a0\u00bb. Hombeline Epse Mathon aura \u00e9galement en charge \u00ab\u00a0<em>la cr\u00e9ation et le pilotage strat\u00e9gique de l\u2019entreprise, la coordination et la gestion op\u00e9rationnelle, la gouvernance et la gestion des relations avec les instances d\u00e9cisionnaires<\/em>\u00a0\u00bb.<\/p>\n<p>Bernardi St\u00e9phani Letcheu Chango, Madeleine Liliane Ngo Mbog Binyet et Raoumbe Arielle sont respectivement charg\u00e9s de \u00ab\u00a0<em>coordonner et manager la direction administrative et financi\u00e8re, manager l\u2019information financi\u00e8re et comptable, mobiliser les ressources financi\u00e8res, g\u00e9rer la dette, la tr\u00e9sorerie, l\u2019administration et les ressources humaines<\/em>,\u00a0<em>piloter les strat\u00e9gies de communication, de marketing, g\u00e9rer les relations publiques, manager la marque, piloter les strat\u00e9gies de d\u00e9veloppement, coordonner, piloter et superviser les projets de la marque<\/em>\u00a0\u00bb.<\/p>\n<blockquote readability=\"6\">\n<p>Les d\u00e9bats ont \u00e9galement d\u00e9bouch\u00e9 sur l\u2019autorisation accord\u00e9e au pr\u00e9sident du conseil d\u2019administration de la Smid \u00e0 signer\u00a0 les premiers projets de la Smid<\/p>\n<\/blockquote>\n<p>Les d\u00e9bats ont \u00e9galement d\u00e9bouch\u00e9 sur l\u2019autorisation accord\u00e9e au pr\u00e9sident du conseil d\u2019administration de la Smid \u00e0 signer\u00a0 les premiers projets de la Smid : il s\u2019agit de la r\u00e9habilitation du march\u00e9 de Deido pour un montant de <strong>5.152.323 FCFA<\/strong> dont <strong>1.781.317 FCFA<\/strong> financ\u00e9 par la Smid, la construction du march\u00e9 de Bonamoussadi \u00e0 hauteur de <strong>10.130.000<\/strong> FCFA, avec une participation des fonds Smid \u00e0 hauteur de <strong>4.887.092<\/strong> FCFA, la construction d\u2019une for\u00eat urbaine et un centre de loisirs \u00e0 la Besseke, pour un budget de <strong>2.238.980<\/strong> FCFA dont <strong>1.711.184 FCFA<\/strong>, sous financement Smid. Soit un total projet\u00e9 de <strong>16.421.303<\/strong> FCFA pour une participation Smid de l\u2019ordre\u00a0 de <strong>8.379.593<\/strong> FCFA. D\u2019autres projets figurent d\u00e9j\u00e0 dans le portefeuille de la Smid : l\u2019\u00e9dification d\u2019un centre de conf\u00e9rence international qui co\u00fbtera <strong>15 milliards<\/strong> de FCFA ou encore l\u2019am\u00e9nagement de Ndokoti et Yassa en centres secondaires urbains \u00e0 raison de <strong>80<\/strong> et <strong>58 milliards<\/strong> de FCFA respectivement.<\/p>\n<p>Des projets qui g\u00e9n\u00e9reront des b\u00e9n\u00e9fices \u00e0 terme. D\u2019apr\u00e8s le Cabinet Edc Investment Corporation, le chef de file de l\u2019op\u00e9ration de souscription Smid, les simulations de rentabilit\u00e9 de la nouvelle soci\u00e9t\u00e9 m\u00e9tropolitaine pr\u00e9voient un taux de rentabilit\u00e9 interne de la Smid sur une p\u00e9riode de 10 ans \u00e9valu\u00e9 \u00e0 <strong>17,7%<\/strong> pour un d\u00e9lai de r\u00e9cup\u00e9ration de <strong>6,5<\/strong> ans. Les dividendes pay\u00e9s aux actionnaires de la Smid sont estim\u00e9s en moyenne \u00e0 <strong>13,6 milliards<\/strong> de FCFA, soit <strong>13.600<\/strong> FCFA par action sur une p\u00e9riode de 10 ans.<\/p>\n<p>A titre de rappel, les r\u00e9sultats de l\u2019appel public \u00e0 l\u2019\u00e9pargne lanc\u00e9 pour la constitution de la Smid a d\u00e9bouch\u00e9 sur une collecte de fonds de <strong>5.414.790.000<\/strong> de FCFA sur les <strong>10 milliards<\/strong> de FCFA attendus, soit un taux de r\u00e9ussite de <strong>54%<\/strong>. <strong>82<\/strong> reportings\u00a0 contenant <strong>2 353<\/strong> bulletins de souscription avaient \u00e9t\u00e9 pr\u00e9sent\u00e9s \u00e0 la commission de d\u00e9pouillement. R\u00e9unie le 11 juillet 2018, ladite commission\u00a0 a finalement valid\u00e9 <strong>2 353<\/strong> bulletins de souscription portant sur <strong>541.479<\/strong> actions, soit un montant de souscriptions collect\u00e9s de <strong>5.414.790.000<\/strong> FCFA. Collecte effectu\u00e9e par les \u00e9tablissements placeurs, Edc, Afriland first Bank et Commercial Bank of Cameroon (Cbc).<\/p>\n<div class=\"about-author about-author-box container-wrapper\">\n<div class=\"author-avatar\">\n<p><img decoding=\"async\" src=\"http:\/\/\" alt=\"\"\/><\/p>\n<\/div>\n<p><h4>La R\u00e9daction EcoMatin<\/h4>\n<\/p>\n<\/div>\n<p>Auteur: EcoMatin<br \/>\n<a href=\"https:\/\/ecomatin.net\/nomination-hombeline-epse-mathon-directeur-general-de-la-smid\/\">Cliquez ici pour lire l&rsquo;article depuis sa source.<\/a><\/p>\n","protected":false},"excerpt":{"rendered":"<p>La Soci\u00e9t\u00e9 M\u00e9tropolitaine d\u2019Investissement de Douala (Smid) est d\u00e9sormais dot\u00e9e de ses dirigeants strat\u00e9giques. Pendant plus de quatre heures de session, les administrateurs de cette entit\u00e9, en pr\u00e9sence des membres des comit\u00e9s sp\u00e9cialis\u00e9s, ont pris d\u2019importantes d\u00e9cisions. Dont celle portant approbation du proc\u00e8s-verbal de la session du premier conseil d\u2019administration de la Smid, tenue le [&hellip;]<\/p>\n","protected":false},"author":1969,"featured_media":0,"comment_status":"closed","ping_status":"closed","sticky":false,"template":"","format":"standard","meta":{"fifu_image_url":"","fifu_image_alt":"","footnotes":""},"categories":[82,78],"tags":[],"class_list":["post-14831","post","type-post","status-publish","format-standard","hentry","category-cameroun","category-economie"],"_links":{"self":[{"href":"https:\/\/linitiative.ca\/International\/wp-json\/wp\/v2\/posts\/14831","targetHints":{"allow":["GET"]}}],"collection":[{"href":"https:\/\/linitiative.ca\/International\/wp-json\/wp\/v2\/posts"}],"about":[{"href":"https:\/\/linitiative.ca\/International\/wp-json\/wp\/v2\/types\/post"}],"author":[{"embeddable":true,"href":"https:\/\/linitiative.ca\/International\/wp-json\/wp\/v2\/users\/1969"}],"replies":[{"embeddable":true,"href":"https:\/\/linitiative.ca\/International\/wp-json\/wp\/v2\/comments?post=14831"}],"version-history":[{"count":0,"href":"https:\/\/linitiative.ca\/International\/wp-json\/wp\/v2\/posts\/14831\/revisions"}],"wp:attachment":[{"href":"https:\/\/linitiative.ca\/International\/wp-json\/wp\/v2\/media?parent=14831"}],"wp:term":[{"taxonomy":"category","embeddable":true,"href":"https:\/\/linitiative.ca\/International\/wp-json\/wp\/v2\/categories?post=14831"},{"taxonomy":"post_tag","embeddable":true,"href":"https:\/\/linitiative.ca\/International\/wp-json\/wp\/v2\/tags?post=14831"}],"curies":[{"name":"wp","href":"https:\/\/api.w.org\/{rel}","templated":true}]}}