{"id":148313,"date":"2022-05-22T16:24:43","date_gmt":"2022-05-22T20:24:43","guid":{"rendered":"https:\/\/linitiative.ca\/International\/tunisie-pelerinage-de-la-ghriba-une-enieme-reussite-pour-les-forces-de-lordre\/"},"modified":"2022-05-22T16:24:43","modified_gmt":"2022-05-22T20:24:43","slug":"tunisie-pelerinage-de-la-ghriba-une-enieme-reussite-pour-les-forces-de-lordre","status":"publish","type":"post","link":"https:\/\/linitiative.ca\/International\/tunisie-pelerinage-de-la-ghriba-une-enieme-reussite-pour-les-forces-de-lordre\/","title":{"rendered":"Tunisie \u2013 P\u00e8lerinage de La Ghriba\u00a0: Une \u00e9ni\u00e8me r\u00e9ussite pour les forces de l\u2019ordre"},"content":{"rendered":"<div>\n<p>Le p\u00e8lerinage juif annuel de La Ghriba \u00e0 Djerba s\u2019est d\u00e9roul\u00e9 en toute qui\u00e9tude et en toute s\u00e9curit\u00e9. Le travail des forces de l\u2019ordre pour s\u00e9curiser cette manifestation a, encore une fois, \u00e9t\u00e9 une pleine r\u00e9ussite. Les agents s\u2019\u00e9taient pr\u00e9positionn\u00e9s bien \u00e0 l\u2019avance, et ont r\u00e9ussi \u00e0 ratisser et s\u00e9curiser tout l\u2019environnement du lieu du [\u2026]<\/p>\n<p>L\u2019article <a href=\"https:\/\/www.tunisienumerique.com\/tunisie-pelerinage-de-la-ghriba-une-enieme-reussite-pour-les-forces-de-lordre\/\">Tunisie \u2013 P\u00e8lerinage de La Ghriba\u00a0: Une \u00e9ni\u00e8me r\u00e9ussite pour les forces de l\u2019ordre<\/a> est apparu en premier sur <a href=\"https:\/\/www.tunisienumerique.com\/\">Tunisie<\/a>.<\/p>\n<\/div>\n<p>Auteur: LM<br \/>\n<a href=\"https:\/\/www.tunisienumerique.com\/tunisie-pelerinage-de-la-ghriba-une-enieme-reussite-pour-les-forces-de-lordre\/\">Cliquez ici pour lire l&rsquo;article depuis sa source.<\/a><\/p>\n","protected":false},"excerpt":{"rendered":"<p>Le p\u00e8lerinage juif annuel de La Ghriba \u00e0 Djerba s\u2019est d\u00e9roul\u00e9 en toute qui\u00e9tude et en toute s\u00e9curit\u00e9. Le travail des forces de l\u2019ordre pour s\u00e9curiser cette manifestation a, encore une fois, \u00e9t\u00e9 une pleine r\u00e9ussite. Les agents s\u2019\u00e9taient pr\u00e9positionn\u00e9s bien \u00e0 l\u2019avance, et ont r\u00e9ussi \u00e0 ratisser et s\u00e9curiser tout l\u2019environnement du lieu du [&hellip;]<\/p>\n","protected":false},"author":1789,"featured_media":0,"comment_status":"closed","ping_status":"closed","sticky":false,"template":"","format":"standard","meta":{"fifu_image_url":"","fifu_image_alt":"","footnotes":""},"categories":[73,55],"tags":[],"class_list":["post-148313","post","type-post","status-publish","format-standard","hentry","category-actualite","category-tunisie"],"_links":{"self":[{"href":"https:\/\/linitiative.ca\/International\/wp-json\/wp\/v2\/posts\/148313","targetHints":{"allow":["GET"]}}],"collection":[{"href":"https:\/\/linitiative.ca\/International\/wp-json\/wp\/v2\/posts"}],"about":[{"href":"https:\/\/linitiative.ca\/International\/wp-json\/wp\/v2\/types\/post"}],"author":[{"embeddable":true,"href":"https:\/\/linitiative.ca\/International\/wp-json\/wp\/v2\/users\/1789"}],"replies":[{"embeddable":true,"href":"https:\/\/linitiative.ca\/International\/wp-json\/wp\/v2\/comments?post=148313"}],"version-history":[{"count":0,"href":"https:\/\/linitiative.ca\/International\/wp-json\/wp\/v2\/posts\/148313\/revisions"}],"wp:attachment":[{"href":"https:\/\/linitiative.ca\/International\/wp-json\/wp\/v2\/media?parent=148313"}],"wp:term":[{"taxonomy":"category","embeddable":true,"href":"https:\/\/linitiative.ca\/International\/wp-json\/wp\/v2\/categories?post=148313"},{"taxonomy":"post_tag","embeddable":true,"href":"https:\/\/linitiative.ca\/International\/wp-json\/wp\/v2\/tags?post=148313"}],"curies":[{"name":"wp","href":"https:\/\/api.w.org\/{rel}","templated":true}]}}