{"id":148317,"date":"2022-05-22T15:34:10","date_gmt":"2022-05-22T19:34:10","guid":{"rendered":"https:\/\/linitiative.ca\/International\/cooperation-germano-africaine-olaf-scholz-fera-t-il-mieux-quangela-merkel\/"},"modified":"2022-05-22T15:34:10","modified_gmt":"2022-05-22T19:34:10","slug":"cooperation-germano-africaine-olaf-scholz-fera-t-il-mieux-quangela-merkel","status":"publish","type":"post","link":"https:\/\/linitiative.ca\/International\/cooperation-germano-africaine-olaf-scholz-fera-t-il-mieux-quangela-merkel\/","title":{"rendered":"COOPERATION GERMANO-AFRICAINE : Olaf Scholz fera-t-il mieux\u00a0qu\u2019Angela Merkel\u00a0?"},"content":{"rendered":"<div>\n<p><img decoding=\"async\" width=\"340\" height=\"191\" src=\"https:\/\/linitiative.ca\/International\/wp-content\/uploads\/sites\/23\/2022\/05\/allemagne.jpg\" class=\"attachment- size- wp-post-image\" alt=\"\" loading=\"lazy\" style=\"float:left; margin:0 15px 15px 0;\" srcset=\"https:\/\/linitiative.ca\/International\/wp-content\/uploads\/sites\/23\/2022\/05\/allemagne.jpg 340w, https:\/\/lepays.bf\/wp-content\/uploads\/2022\/05\/allemagne-300x169.jpg 300w, https:\/\/lepays.bf\/wp-content\/uploads\/2022\/05\/allemagne-150x84.jpg 150w\" sizes=\"auto, (max-width: 340px) 100vw, 340px\">Olaf Scholz, le Chancelier allemand, a entam\u00e9 le dimanche 22 mai, une visite dans trois pays africains. Le premier pays qui a eu l\u2019honneur d\u2019accueillir le successeur d\u2019Angela Merkel, est le S\u00e9n\u00e9gal. Apr\u00e8s le pays de la Teranga, le dirigeant allemand d\u00e9pose ses valises au [\u2026]<\/p>\n<p>L\u2019article <a rel=\"nofollow\" href=\"https:\/\/lepays.bf\/cooperation-germano-africaine-olaf-scholz-fera-t-il-mieux-quangela-merkel\/\">COOPERATION GERMANO-AFRICAINE : Olaf Scholz fera-t-il mieux\u00a0qu\u2019Angela Merkel\u00a0?<\/a> est apparu en premier sur <a rel=\"nofollow\" href=\"https:\/\/lepays.bf\/\">Editions Le Pays<\/a>.<\/p>\n<\/div>\n<p>Auteur: Editions LEPAYS<br \/>\n<a href=\"https:\/\/lepays.bf\/cooperation-germano-africaine-olaf-scholz-fera-t-il-mieux-quangela-merkel\/\">Cliquez ici pour lire l&rsquo;article depuis sa source.<\/a><\/p>\n","protected":false},"excerpt":{"rendered":"<p>Olaf Scholz, le Chancelier allemand, a entam\u00e9 le dimanche 22 mai, une visite dans trois pays africains. Le premier pays qui a eu l\u2019honneur d\u2019accueillir le successeur d\u2019Angela Merkel, est le S\u00e9n\u00e9gal. Apr\u00e8s le pays de la Teranga, le dirigeant allemand d\u00e9pose ses valises au [\u2026] L\u2019article COOPERATION GERMANO-AFRICAINE : Olaf Scholz fera-t-il mieux\u00a0qu\u2019Angela Merkel\u00a0? [&hellip;]<\/p>\n","protected":false},"author":1813,"featured_media":0,"comment_status":"closed","ping_status":"closed","sticky":false,"template":"","format":"standard","meta":{"fifu_image_url":"https:\/\/lepays.bf\/wp-content\/uploads\/2022\/05\/allemagne.jpg","fifu_image_alt":"COOPERATION GERMANO-AFRICAINE : Olaf Scholz fera-t-il mieux\u00a0qu\u2019Angela Merkel\u00a0?","footnotes":""},"categories":[73,81],"tags":[],"class_list":["post-148317","post","type-post","status-publish","format-standard","hentry","category-actualite","category-burkina-faso"],"_links":{"self":[{"href":"https:\/\/linitiative.ca\/International\/wp-json\/wp\/v2\/posts\/148317","targetHints":{"allow":["GET"]}}],"collection":[{"href":"https:\/\/linitiative.ca\/International\/wp-json\/wp\/v2\/posts"}],"about":[{"href":"https:\/\/linitiative.ca\/International\/wp-json\/wp\/v2\/types\/post"}],"author":[{"embeddable":true,"href":"https:\/\/linitiative.ca\/International\/wp-json\/wp\/v2\/users\/1813"}],"replies":[{"embeddable":true,"href":"https:\/\/linitiative.ca\/International\/wp-json\/wp\/v2\/comments?post=148317"}],"version-history":[{"count":0,"href":"https:\/\/linitiative.ca\/International\/wp-json\/wp\/v2\/posts\/148317\/revisions"}],"wp:attachment":[{"href":"https:\/\/linitiative.ca\/International\/wp-json\/wp\/v2\/media?parent=148317"}],"wp:term":[{"taxonomy":"category","embeddable":true,"href":"https:\/\/linitiative.ca\/International\/wp-json\/wp\/v2\/categories?post=148317"},{"taxonomy":"post_tag","embeddable":true,"href":"https:\/\/linitiative.ca\/International\/wp-json\/wp\/v2\/tags?post=148317"}],"curies":[{"name":"wp","href":"https:\/\/api.w.org\/{rel}","templated":true}]}}