{"id":148319,"date":"2022-05-22T15:39:39","date_gmt":"2022-05-22T19:39:39","guid":{"rendered":"https:\/\/linitiative.ca\/International\/neutralisation-dune-trentaine-de-terroristes-a-bourzanga-une-petite-eclaircie-dans-un-ciel-toujours-assombri\/"},"modified":"2022-05-22T15:39:39","modified_gmt":"2022-05-22T19:39:39","slug":"neutralisation-dune-trentaine-de-terroristes-a-bourzanga-une-petite-eclaircie-dans-un-ciel-toujours-assombri","status":"publish","type":"post","link":"https:\/\/linitiative.ca\/International\/neutralisation-dune-trentaine-de-terroristes-a-bourzanga-une-petite-eclaircie-dans-un-ciel-toujours-assombri\/","title":{"rendered":"NEUTRALISATION D\u2019UNE TRENTAINE DE TERRORISTES A BOURZANGA : Une petite \u00e9claircie dans un ciel toujours assombri  \u00a0"},"content":{"rendered":"<div>\n<p><img loading=\"lazy\" decoding=\"async\" width=\"2048\" height=\"1365\" src=\"https:\/\/linitiative.ca\/International\/wp-content\/uploads\/sites\/23\/2022\/05\/Armee.jpg\" class=\"attachment- size- wp-post-image\" alt=\"\" style=\"float:left; margin:0 15px 15px 0;\" srcset=\"https:\/\/linitiative.ca\/International\/wp-content\/uploads\/sites\/23\/2022\/05\/Armee.jpg 2048w, https:\/\/lepays.bf\/wp-content\/uploads\/2022\/05\/Armee-300x200.jpg 300w, https:\/\/lepays.bf\/wp-content\/uploads\/2022\/05\/Armee-1024x683.jpg 1024w, https:\/\/lepays.bf\/wp-content\/uploads\/2022\/05\/Armee-150x100.jpg 150w, https:\/\/lepays.bf\/wp-content\/uploads\/2022\/05\/Armee-768x512.jpg 768w, https:\/\/lepays.bf\/wp-content\/uploads\/2022\/05\/Armee-1536x1024.jpg 1536w, https:\/\/lepays.bf\/wp-content\/uploads\/2022\/05\/Armee-1300x866.jpg 1300w, https:\/\/lepays.bf\/wp-content\/uploads\/2022\/05\/Armee-128x86.jpg 128w\" sizes=\"auto, (max-width: 2048px) 100vw, 2048px\">Le d\u00e9tachement militaire de Bourzanga, dans la province du Bam, a \u00e9t\u00e9 la cible samedi dernier, d\u2019une attaque perp\u00e9tr\u00e9e par une bande de deux centaines d\u2019hommes arm\u00e9s non identifi\u00e9s selon la formule consacr\u00e9e, qui ont utilis\u00e9 des fusils d\u2019assaut et des v\u00e9hicules surmont\u00e9s de mitrailleuses [\u2026]<\/p>\n<p>L\u2019article <a rel=\"nofollow\" href=\"https:\/\/lepays.bf\/neutralisation-dune-trentaine-de-terroristes-a-bourzanga-une-petite-eclaircie-dans-un-ciel-toujours-assombri\/\">NEUTRALISATION D\u2019UNE TRENTAINE DE TERRORISTES A BOURZANGA : Une petite \u00e9claircie dans un ciel toujours assombri  \u00a0<\/a> est apparu en premier sur <a rel=\"nofollow\" href=\"https:\/\/lepays.bf\/\">Editions Le Pays<\/a>.<\/p>\n<\/div>\n<p>Auteur: Editions LEPAYS<br \/>\n<a href=\"https:\/\/lepays.bf\/neutralisation-dune-trentaine-de-terroristes-a-bourzanga-une-petite-eclaircie-dans-un-ciel-toujours-assombri\/\">Cliquez ici pour lire l&rsquo;article depuis sa source.<\/a><\/p>\n","protected":false},"excerpt":{"rendered":"<p>Le d\u00e9tachement militaire de Bourzanga, dans la province du Bam, a \u00e9t\u00e9 la cible samedi dernier, d\u2019une attaque perp\u00e9tr\u00e9e par une bande de deux centaines d\u2019hommes arm\u00e9s non identifi\u00e9s selon la formule consacr\u00e9e, qui ont utilis\u00e9 des fusils d\u2019assaut et des v\u00e9hicules surmont\u00e9s de mitrailleuses [\u2026] L\u2019article NEUTRALISATION D\u2019UNE TRENTAINE DE TERRORISTES A BOURZANGA : [&hellip;]<\/p>\n","protected":false},"author":1813,"featured_media":0,"comment_status":"closed","ping_status":"closed","sticky":false,"template":"","format":"standard","meta":{"fifu_image_url":"https:\/\/lepays.bf\/wp-content\/uploads\/2022\/05\/Armee.jpg","fifu_image_alt":"NEUTRALISATION D\u2019UNE TRENTAINE DE TERRORISTES A BOURZANGA : Une petite \u00e9claircie dans un ciel toujours assombri  \u00a0","footnotes":""},"categories":[73,81],"tags":[],"class_list":["post-148319","post","type-post","status-publish","format-standard","hentry","category-actualite","category-burkina-faso"],"_links":{"self":[{"href":"https:\/\/linitiative.ca\/International\/wp-json\/wp\/v2\/posts\/148319","targetHints":{"allow":["GET"]}}],"collection":[{"href":"https:\/\/linitiative.ca\/International\/wp-json\/wp\/v2\/posts"}],"about":[{"href":"https:\/\/linitiative.ca\/International\/wp-json\/wp\/v2\/types\/post"}],"author":[{"embeddable":true,"href":"https:\/\/linitiative.ca\/International\/wp-json\/wp\/v2\/users\/1813"}],"replies":[{"embeddable":true,"href":"https:\/\/linitiative.ca\/International\/wp-json\/wp\/v2\/comments?post=148319"}],"version-history":[{"count":0,"href":"https:\/\/linitiative.ca\/International\/wp-json\/wp\/v2\/posts\/148319\/revisions"}],"wp:attachment":[{"href":"https:\/\/linitiative.ca\/International\/wp-json\/wp\/v2\/media?parent=148319"}],"wp:term":[{"taxonomy":"category","embeddable":true,"href":"https:\/\/linitiative.ca\/International\/wp-json\/wp\/v2\/categories?post=148319"},{"taxonomy":"post_tag","embeddable":true,"href":"https:\/\/linitiative.ca\/International\/wp-json\/wp\/v2\/tags?post=148319"}],"curies":[{"name":"wp","href":"https:\/\/api.w.org\/{rel}","templated":true}]}}