{"id":148321,"date":"2022-05-22T15:53:46","date_gmt":"2022-05-22T19:53:46","guid":{"rendered":"https:\/\/linitiative.ca\/International\/detachement-militaire-de-bourzanga-cinq-soldats-recoivent-la-croix-du-combattant\/"},"modified":"2022-05-22T15:53:46","modified_gmt":"2022-05-22T19:53:46","slug":"detachement-militaire-de-bourzanga-cinq-soldats-recoivent-la-croix-du-combattant","status":"publish","type":"post","link":"https:\/\/linitiative.ca\/International\/detachement-militaire-de-bourzanga-cinq-soldats-recoivent-la-croix-du-combattant\/","title":{"rendered":"D\u00e9tachement militaire de Bourzanga: cinq soldats re\u00e7oivent la Croix du combattant"},"content":{"rendered":"<div>\n<p>La Direction de la communication et des relations presse (DCRP) de la pr\u00e9sidence du Faso rapporte que le pr\u00e9sident du Faso, le lieutenant-colonel Paul Henri Sandaogo Damiba a effectu\u00e9 \u00ab\u00a0une visite op\u00e9rationnelle\u00a0\u00bb \u00e0 Bourzanga, ce dimanche 22 mai 2022, au lendemain de la \u00ab\u00a0vigoureuse riposte des \u00e9l\u00e9ments du d\u00e9tachement militaire\u00a0\u00bb bas\u00e9 dans ce d\u00e9partement.<\/p>\n<p>Cinq \u00e9l\u00e9ments du d\u00e9tachement ont \u00ab\u00a0re\u00e7u symboliquement la m\u00e9daille de la Croix du combattant\u00a0\u00bb au nom de tous leurs camarades, rapporte la direction de la communication de la pr\u00e9sidence du Faso.<\/p>\n<p>\u00ab\u00a0Il s\u2019est agi pour le chef de l\u2019\u00c9tat de venir saluer la bravoure et l\u2019engagement des hommes face \u00e0 la puissance de feu d\u2019un ennemi lourdement arm\u00e9.\u00a0\u00bb, indique le compte rendu de la DCRP.<\/p>\n<p>\u00ab Nous sommes venus ce matin apr\u00e8s l\u2019attaque qui a eu lieu ici hier pour vous t\u00e9moigner, au nom du gouvernement et de l\u2019ensemble du pays, la satisfaction et la reconnaissance envers l\u2019ensemble du personnel de votre D\u00e9tachement \u00bb, a d\u00e9clar\u00e9 le chef de l\u2019\u00c9tat.<\/p>\n<div class=\"fb-post\" data-href=\"https:\/\/www.facebook.com\/Presidence.bf\/posts\/378951410940344?__cft__%5B0%5D=AZX8e5ShigwdfSamUtrYrKhYjxXa1ILUb4d5HL66N7TSx5zB3lUKoWYttft-R6bazeflI_uzinxEwsOuizYsbdqN5BgAmN3_1ndIWf7cHP66_m8ahOV-JI3z9rq6sgjwTycXaTmeXqjkcZrXsf6f5vIY&amp;__tn__=%2CO%2CP-R\" data-width=\"552\"><\/div>\n<p>Le pr\u00e9sident Damiba a f\u00e9licit\u00e9 et encourag\u00e9 les \u00e9l\u00e9ments tout en invitant l\u2019ensemble des FDS \u00e0 suivre le bel exemple des hommes du Lieutenant Assoumani B\u00e9ogo, commandant du d\u00e9tachement.<\/p>\n<p>Le chef de l\u2019Etat a \u00e9galement rendu hommage aux combattants tomb\u00e9s, note la DCRP. Par ailleurs, le lieutenant-colonel Damiba a r\u00e9it\u00e9r\u00e9 son appel au dialogue aux \u00ab\u00a0fils \u00e9gar\u00e9s du pays qui veulent abandonner le combat\u00a0\u00bb et r\u00e9it\u00e9r\u00e9 son intransigeance envers \u00ab\u00a0ceux qui ont d\u00e9cid\u00e9 de continuer dans la violence contre leur pays\u00a0\u00bb et contre lesquels le Pr\u00e9sident du Faso a invit\u00e9 l\u2019ensemble des Forces de d\u00e9fense et de s\u00e9curit\u00e9 \u00e0 rester alertes, vigilantes et d\u00e9termin\u00e9es.<\/p>\n<p>\u00ab\u00a0Pour le Chef supr\u00eame des arm\u00e9es, c\u2019est sur cet exemple d\u2019engagement et de bravoure du d\u00e9tachement de Bourzanga que l\u2019\u00c9tat s\u2019appuiera pour engranger davantage de succ\u00e8s contre les groupes arm\u00e9s terroristes \u00bb, conclu la DCRP.<\/p>\n<p><strong>Sidwaya.info<\/strong><\/p>\n<p><strong>Source : Direction de la communication de la Pr\u00e9sidence du Faso<\/strong><\/p>\n<\/div>\n<p>Auteur: Wamini SIDWAYA<br \/>\n<a href=\"https:\/\/www.sidwaya.info\/blog\/2022\/05\/22\/detachement-militaire-de-bourzanga-cinq-soldats-recoivent-la-croix-du-combattant\/\">Cliquez ici pour lire l&rsquo;article depuis sa source.<\/a><\/p>\n","protected":false},"excerpt":{"rendered":"<p>La Direction de la communication et des relations presse (DCRP) de la pr\u00e9sidence du Faso rapporte que le pr\u00e9sident du Faso, le lieutenant-colonel Paul Henri Sandaogo Damiba a effectu\u00e9 \u00ab\u00a0une visite op\u00e9rationnelle\u00a0\u00bb \u00e0 Bourzanga, ce dimanche 22 mai 2022, au lendemain de la \u00ab\u00a0vigoureuse riposte des \u00e9l\u00e9ments du d\u00e9tachement militaire\u00a0\u00bb bas\u00e9 dans ce d\u00e9partement. Cinq [&hellip;]<\/p>\n","protected":false},"author":1816,"featured_media":0,"comment_status":"closed","ping_status":"closed","sticky":false,"template":"","format":"standard","meta":{"fifu_image_url":"","fifu_image_alt":"","footnotes":""},"categories":[73,81],"tags":[],"class_list":["post-148321","post","type-post","status-publish","format-standard","hentry","category-actualite","category-burkina-faso"],"_links":{"self":[{"href":"https:\/\/linitiative.ca\/International\/wp-json\/wp\/v2\/posts\/148321","targetHints":{"allow":["GET"]}}],"collection":[{"href":"https:\/\/linitiative.ca\/International\/wp-json\/wp\/v2\/posts"}],"about":[{"href":"https:\/\/linitiative.ca\/International\/wp-json\/wp\/v2\/types\/post"}],"author":[{"embeddable":true,"href":"https:\/\/linitiative.ca\/International\/wp-json\/wp\/v2\/users\/1816"}],"replies":[{"embeddable":true,"href":"https:\/\/linitiative.ca\/International\/wp-json\/wp\/v2\/comments?post=148321"}],"version-history":[{"count":0,"href":"https:\/\/linitiative.ca\/International\/wp-json\/wp\/v2\/posts\/148321\/revisions"}],"wp:attachment":[{"href":"https:\/\/linitiative.ca\/International\/wp-json\/wp\/v2\/media?parent=148321"}],"wp:term":[{"taxonomy":"category","embeddable":true,"href":"https:\/\/linitiative.ca\/International\/wp-json\/wp\/v2\/categories?post=148321"},{"taxonomy":"post_tag","embeddable":true,"href":"https:\/\/linitiative.ca\/International\/wp-json\/wp\/v2\/tags?post=148321"}],"curies":[{"name":"wp","href":"https:\/\/api.w.org\/{rel}","templated":true}]}}