{"id":148324,"date":"2022-05-22T04:13:46","date_gmt":"2022-05-22T08:13:46","guid":{"rendered":"https:\/\/linitiative.ca\/International\/le-cameroun-ou-la-france-le-coeur-dhugo-ekitike-balance-encore\/"},"modified":"2022-05-22T04:13:46","modified_gmt":"2022-05-22T08:13:46","slug":"le-cameroun-ou-la-france-le-coeur-dhugo-ekitike-balance-encore","status":"publish","type":"post","link":"https:\/\/linitiative.ca\/International\/le-cameroun-ou-la-france-le-coeur-dhugo-ekitike-balance-encore\/","title":{"rendered":"Le Cameroun ou la France : le c\u0153ur d\u2019Hugo Ekitike balance encore"},"content":{"rendered":"<div>\n<p><img decoding=\"async\" width=\"900\" height=\"500\" src=\"https:\/\/linitiative.ca\/International\/wp-content\/uploads\/sites\/23\/2022\/05\/Hugo-Ekitike-convoite-par-le-Cameroun.jpg\" class=\"attachment-post-thumbnail size-post-thumbnail wp-post-image\" alt=\"\" loading=\"lazy\" srcset=\"https:\/\/linitiative.ca\/International\/wp-content\/uploads\/sites\/23\/2022\/05\/Hugo-Ekitike-convoite-par-le-Cameroun.jpg 900w, https:\/\/www.journalducameroun.com\/wp-content\/uploads\/2022\/05\/Hugo-Ekitike-convoite-par-le-Cameroun-300x167.jpg 300w, https:\/\/www.journalducameroun.com\/wp-content\/uploads\/2022\/05\/Hugo-Ekitike-convoite-par-le-Cameroun-768x427.jpg 768w, https:\/\/www.journalducameroun.com\/wp-content\/uploads\/2022\/05\/Hugo-Ekitike-convoite-par-le-Cameroun-160x90.jpg 160w, https:\/\/www.journalducameroun.com\/wp-content\/uploads\/2022\/05\/Hugo-Ekitike-convoite-par-le-Cameroun-792x440.jpg 792w, https:\/\/www.journalducameroun.com\/wp-content\/uploads\/2022\/05\/Hugo-Ekitike-convoite-par-le-Cameroun-600x333.jpg 600w\" sizes=\"auto, (max-width: 900px) 100vw, 900px\"><\/p>\n<h2 style=\"text-align: justify;\"><strong>Dans un entretien accord\u00e9 ce samedi \u00e0 l\u2019Equipe, l\u2019attaquant r\u00e9mois Hugo Ekitike \u00e9voque son avenir en s\u00e9lection. <\/strong><\/h2>\n<p style=\"text-align: justify;\">Le c\u0153ur du jeune attaquant balance entre son pays d\u2019adoption la France, et son pays d\u2019origine le Cameroun. Convoqu\u00e9 par Bernard Diom\u00e8de avec l\u2019\u00e9quipe de France des moins de 20 ans, Hugo Ekitike ne cache pas son envie d\u2019\u00eatre un jour s\u00e9lectionn\u00e9 avec les Bleus version s\u00e9nior :\u00a0<em>\u00ab\u00a0\u00c9videmment c\u2019est un objectif, ce serait mentir de dire le contraire. Mais j\u2019en suis loin\u00a0\u00bb,\u00a0<\/em>a-t-il d\u00e9clar\u00e9 dans un entretien avec l&rsquo;\u00c9quipe.<\/p>\n<p style=\"text-align: justify;\">A 19 ans, Hugo Ekitike \u00a0 est l&rsquo;une des r\u00e9v\u00e9lations de la saison en Ligue 1.\u00a0Il a inscrit 10 buts en 23 matchs cette saison en championnat.\u00a0Courtis\u00e9 par les plus grands clubs europ\u00e9ens (dont le\u00a0Bayern Munich, le\u00a0Borussia Dortmund\u00a0et l&rsquo;AC Milan), il n&rsquo;a pas encore d\u00e9cid\u00e9 de son avenir en club ni en\u2026 s\u00e9lection.<\/p>\n<p style=\"text-align: justify;\">L\u2019attaquant de Reims r\u00eave de France, mais son c\u0153ur balance aussi pour le Cameroun dont est originaire son p\u00e8re. <em>\u00ab\u00a0J\u2019ai une attache particuli\u00e8re pour le Cameroun, m\u00eame si je suis Fran\u00e7ais. Ce sont mes racines aussi. Mais aujourd\u2019hui, je ne pr\u00e9f\u00e8re pas me concentrer sur un choix de s\u00e9lection\u00a0\u00bb,<\/em> dit-il. L\u2019int\u00e9r\u00eat d\u2019un certain Samuel Eto\u2019o, pr\u00e9sident de la F\u00e9d\u00e9ration camerounaise de Football, est, quant \u00e0 lui, bel et bien r\u00e9el.<\/p>\n<p style=\"text-align: justify;\">Mais Ekitike pr\u00e9f\u00e8re patienter : <em>\u00abPour moi, c&rsquo;est le plus grand joueur africain de tous les temps. Quand tu ram\u00e8nes\u00a0Samuel Eto&rsquo;o\u00a0dans ton stade, tu commences \u00e0 prendre mesure de la dimension que tu prends. [\u2026]\u00a0J&rsquo;ai une attache particuli\u00e8re pour le Cameroun, m\u00eame si je suis fran\u00e7ais.\u00a0Ce sont mes racines aussi. Mais aujourd&rsquo;hui, je ne pr\u00e9f\u00e8re pas me concentrer sur un choix de s\u00e9lection.\u00bb<\/em><\/p>\n<p style=\"text-align: justify;\">Reste \u00e0 voir si la possibilit\u00e9 de disputer le Mondial en fin d\u2019ann\u00e9e au Qatar avec le Cameroun arrive sur la table. D\u2019ici l\u00e0, Ekitike ne compte pas se mettre la pression et conclut l\u2019entretien avec une formule pleine de sagesse : <em>\u00ab\u00a0Le Mondial ? Pourquoi pas ? Mais j\u2019ai d\u2019autres choses \u00e0 voir avant. Il faut prendre les instants qui arrivent un par un. Quand ce sera le moment, je me demanderai : \u201cQu\u2019est-ce que je fais ?\u201d Pour l\u2019instant, tranquille\u00a0\u00bb.<\/em><\/p>\n<p style=\"text-align: justify;\">En attendant de faire un choix d\u00e9finitif, Hugo Ekitike va disputer le\u00a0Tournoi Maurice-Revello\u00a0\u00e0 Toulon avec l&rsquo;\u00e9quipe de France des moins de 20 ans \u00e0 partir du 29 mai.<\/p>\n<p>Cet article <a rel=\"nofollow\" href=\"https:\/\/www.journalducameroun.com\/le-cameroun-ou-la-france-le-coeur-dhugo-ekitike-balance-encore\/\">Le Cameroun ou la France : le c\u0153ur d\u2019Hugo Ekitike balance encore<\/a> est apparu en premier sur <a rel=\"nofollow\" href=\"https:\/\/www.journalducameroun.com\/\">Journal du Cameroun<\/a>.<\/p>\n<\/div>\n<p>Auteur: Emile Zola Nd\u00e9 Tchoussi<br \/>\n<a href=\"https:\/\/www.journalducameroun.com\/le-cameroun-ou-la-france-le-coeur-dhugo-ekitike-balance-encore\/\">Cliquez ici pour lire l&rsquo;article depuis sa source.<\/a><\/p>\n","protected":false},"excerpt":{"rendered":"<p>Dans un entretien accord\u00e9 ce samedi \u00e0 l\u2019Equipe, l\u2019attaquant r\u00e9mois Hugo Ekitike \u00e9voque son avenir en s\u00e9lection. Le c\u0153ur du jeune attaquant balance entre son pays d\u2019adoption la France, et son pays d\u2019origine le Cameroun. Convoqu\u00e9 par Bernard Diom\u00e8de avec l\u2019\u00e9quipe de France des moins de 20 ans, Hugo Ekitike ne cache pas son envie [&hellip;]<\/p>\n","protected":false},"author":1965,"featured_media":0,"comment_status":"closed","ping_status":"closed","sticky":false,"template":"","format":"standard","meta":{"fifu_image_url":"https:\/\/www.journalducameroun.com\/wp-content\/uploads\/2022\/05\/Hugo-Ekitike-convoite-par-le-Cameroun.jpg","fifu_image_alt":"Le Cameroun ou la France : le c\u0153ur d\u2019Hugo Ekitike balance encore","footnotes":""},"categories":[73,82],"tags":[],"class_list":["post-148324","post","type-post","status-publish","format-standard","hentry","category-actualite","category-cameroun"],"_links":{"self":[{"href":"https:\/\/linitiative.ca\/International\/wp-json\/wp\/v2\/posts\/148324","targetHints":{"allow":["GET"]}}],"collection":[{"href":"https:\/\/linitiative.ca\/International\/wp-json\/wp\/v2\/posts"}],"about":[{"href":"https:\/\/linitiative.ca\/International\/wp-json\/wp\/v2\/types\/post"}],"author":[{"embeddable":true,"href":"https:\/\/linitiative.ca\/International\/wp-json\/wp\/v2\/users\/1965"}],"replies":[{"embeddable":true,"href":"https:\/\/linitiative.ca\/International\/wp-json\/wp\/v2\/comments?post=148324"}],"version-history":[{"count":0,"href":"https:\/\/linitiative.ca\/International\/wp-json\/wp\/v2\/posts\/148324\/revisions"}],"wp:attachment":[{"href":"https:\/\/linitiative.ca\/International\/wp-json\/wp\/v2\/media?parent=148324"}],"wp:term":[{"taxonomy":"category","embeddable":true,"href":"https:\/\/linitiative.ca\/International\/wp-json\/wp\/v2\/categories?post=148324"},{"taxonomy":"post_tag","embeddable":true,"href":"https:\/\/linitiative.ca\/International\/wp-json\/wp\/v2\/tags?post=148324"}],"curies":[{"name":"wp","href":"https:\/\/api.w.org\/{rel}","templated":true}]}}