{"id":148326,"date":"2022-05-22T06:29:24","date_gmt":"2022-05-22T10:29:24","guid":{"rendered":"https:\/\/linitiative.ca\/International\/cameroun-bamenda-feicom-et-onu-habitat-signent-un-accord-en-faveur-du-changement-climatique\/"},"modified":"2022-05-22T06:29:24","modified_gmt":"2022-05-22T10:29:24","slug":"cameroun-bamenda-feicom-et-onu-habitat-signent-un-accord-en-faveur-du-changement-climatique","status":"publish","type":"post","link":"https:\/\/linitiative.ca\/International\/cameroun-bamenda-feicom-et-onu-habitat-signent-un-accord-en-faveur-du-changement-climatique\/","title":{"rendered":"Cameroun-Bamenda\u00a0: Feicom et Onu-Habitat signent un accord en faveur du changement climatique"},"content":{"rendered":"<div>\n<p><img decoding=\"async\" width=\"720\" height=\"470\" src=\"https:\/\/linitiative.ca\/International\/wp-content\/uploads\/sites\/23\/2022\/05\/fei.jpg\" class=\"attachment-post-thumbnail size-post-thumbnail wp-post-image\" alt=\"\" loading=\"lazy\" srcset=\"https:\/\/linitiative.ca\/International\/wp-content\/uploads\/sites\/23\/2022\/05\/fei.jpg 720w, https:\/\/www.journalducameroun.com\/wp-content\/uploads\/2022\/05\/fei-300x196.jpg 300w, https:\/\/www.journalducameroun.com\/wp-content\/uploads\/2022\/05\/fei-674x440.jpg 674w, https:\/\/www.journalducameroun.com\/wp-content\/uploads\/2022\/05\/fei-600x392.jpg 600w\" sizes=\"auto, (max-width: 720px) 100vw, 720px\"><\/p>\n<h2 style=\"text-align: justify;\">Il s\u2019agit de la mise en \u0153uvre du Projet de r\u00e9silience au changement climatique du quartier Sisia, \u00e0 Bamenda 3e.<\/h2>\n<p style=\"text-align: justify;\">Cette entente a eu lieu en marge de la 9<sup>\u00e8me<\/sup> \u00e9dition du Sommet Africit\u00e9s qui s\u2019est tenue du 17 au 21 mai 2022 sous le th\u00e8me : \u00ab<em> le r\u00f4le des villes interm\u00e9diaires d\u2019Afrique dans la mise en \u0153uvre de l\u2019Agenda 2030 de l\u2019ONU et de l\u2019Agenda 2063 de l\u2019Union africaine<\/em> \u00bb.<\/p>\n<p style=\"text-align: justify;\">La signature de cet accord concerne la mise en \u0153uvre du projet de r\u00e9silience au changement climatique du quartier Sisia, \u00e0 Bamenda 3e.<\/p>\n<p style=\"text-align: justify;\">Pr\u00e9cis\u00e9ment, il s\u2019agit dans le cadre de ce projet de \u00ab <em>rendre la ville de Bamenda en g\u00e9n\u00e9ral et l\u2019organisation des communaut\u00e9s du quartier Sisia en particulier, inclusives, s\u00fbres, r\u00e9silientes et durables en am\u00e9liorant notamment la gestion des d\u00e9chets, la s\u00e9curisation des zones de captage d\u2019eau, l\u2019extension des r\u00e9seaux d\u2019eau sous conduits et leur assainissement qui contribueront \u00e0 une meilleure qualit\u00e9 de vie pour les populations les plus vuln\u00e9rables de Sisia et \u00e0 l\u2019\u00e9laboration d\u2019une strat\u00e9gie pour la r\u00e9silience urbaine et le d\u00e9veloppement d\u2019une politique urbaine nationale<\/em>\u00bb, indique le Feicom.<\/p>\n<p style=\"text-align: justify;\">Pour m\u00e9moire, Africit\u00e9s est une conf\u00e9rence panafricaine organis\u00e9e par Cit\u00e9s et Gouvernements Locaux Unis d\u2019Afrique (CGLU-A) qui r\u00e9unit les dirigeants des villes et des gouvernements locaux ainsi que leurs associations pour faire progresser la d\u00e9centralisation et la gouvernance locale afin d\u2019am\u00e9liorer le niveau de vie des citoyens.<\/p>\n<h2><\/h2>\n<p>Cet article <a rel=\"nofollow\" href=\"https:\/\/www.journalducameroun.com\/cameroun-bamenda-feicom-et-onu-habitat-signent-un-accord-en-faveur-du-changement-climatique\/\">Cameroun-Bamenda\u00a0: Feicom et Onu-Habitat signent un accord en faveur du changement climatique<\/a> est apparu en premier sur <a rel=\"nofollow\" href=\"https:\/\/www.journalducameroun.com\/\">Journal du Cameroun<\/a>.<\/p>\n<\/div>\n<p>Auteur: Esther FOSSI<br \/>\n<a href=\"https:\/\/www.journalducameroun.com\/cameroun-bamenda-feicom-et-onu-habitat-signent-un-accord-en-faveur-du-changement-climatique\/\">Cliquez ici pour lire l&rsquo;article depuis sa source.<\/a><\/p>\n","protected":false},"excerpt":{"rendered":"<p>Il s\u2019agit de la mise en \u0153uvre du Projet de r\u00e9silience au changement climatique du quartier Sisia, \u00e0 Bamenda 3e. Cette entente a eu lieu en marge de la 9\u00e8me \u00e9dition du Sommet Africit\u00e9s qui s\u2019est tenue du 17 au 21 mai 2022 sous le th\u00e8me : \u00ab le r\u00f4le des villes interm\u00e9diaires d\u2019Afrique dans [&hellip;]<\/p>\n","protected":false},"author":1965,"featured_media":0,"comment_status":"closed","ping_status":"closed","sticky":false,"template":"","format":"standard","meta":{"fifu_image_url":"https:\/\/www.journalducameroun.com\/wp-content\/uploads\/2022\/05\/fei.jpg","fifu_image_alt":"Cameroun-Bamenda\u00a0: Feicom et Onu-Habitat signent un accord en faveur du changement climatique","footnotes":""},"categories":[73,82],"tags":[],"class_list":["post-148326","post","type-post","status-publish","format-standard","hentry","category-actualite","category-cameroun"],"_links":{"self":[{"href":"https:\/\/linitiative.ca\/International\/wp-json\/wp\/v2\/posts\/148326","targetHints":{"allow":["GET"]}}],"collection":[{"href":"https:\/\/linitiative.ca\/International\/wp-json\/wp\/v2\/posts"}],"about":[{"href":"https:\/\/linitiative.ca\/International\/wp-json\/wp\/v2\/types\/post"}],"author":[{"embeddable":true,"href":"https:\/\/linitiative.ca\/International\/wp-json\/wp\/v2\/users\/1965"}],"replies":[{"embeddable":true,"href":"https:\/\/linitiative.ca\/International\/wp-json\/wp\/v2\/comments?post=148326"}],"version-history":[{"count":0,"href":"https:\/\/linitiative.ca\/International\/wp-json\/wp\/v2\/posts\/148326\/revisions"}],"wp:attachment":[{"href":"https:\/\/linitiative.ca\/International\/wp-json\/wp\/v2\/media?parent=148326"}],"wp:term":[{"taxonomy":"category","embeddable":true,"href":"https:\/\/linitiative.ca\/International\/wp-json\/wp\/v2\/categories?post=148326"},{"taxonomy":"post_tag","embeddable":true,"href":"https:\/\/linitiative.ca\/International\/wp-json\/wp\/v2\/tags?post=148326"}],"curies":[{"name":"wp","href":"https:\/\/api.w.org\/{rel}","templated":true}]}}